{"id":198,"date":"2021-02-13T17:14:09","date_gmt":"2021-02-13T16:14:09","guid":{"rendered":"http:\/\/powerofo.sk\/?p=198"},"modified":"2021-02-28T18:26:55","modified_gmt":"2021-02-28T17:26:55","slug":"rozhovor-s-jakubom-chupekom-pred-finalovymi-pretekmi","status":"publish","type":"post","link":"https:\/\/powerofo.sk\/?p=198","title":{"rendered":"Rozhovor s Jakubom Chupekom pred fin\u00e1lov\u00fdmi pretekmi"},"content":{"rendered":"\n<p>Na majstrovstv\u00e1ch sveta v orienta\u010dnom behu v N\u00f3rsku sa zajtra, 16. augusta 2019 popoludn\u00ed pobe\u017e\u00ed fin\u00e1le pretekov na strednej trati. V mu\u017eskom \u00e1\u010dkovom fin\u00e1le bude slovensk\u00e9 farby h\u00e1ji\u0165 vekom st\u00e1le junior Jakub Chupek, ktor\u00fd si \u00fa\u010das\u0165 vo fin\u00e1le vybojoval v\u00fdborn\u00fdm v\u00fdkonom v utorkovej kvalifik\u00e1cii, kde vo svojom rozbehu skon\u010dil na 16. mieste. Chup\u010do na tra\u0165 vy\u0161tartuje so \u0161tartovn\u00fdm \u010d\u00edslom 116 o 16:16 lok\u00e1lneho \u010dasu. Pretek\u00e1ri absolvuj\u00fa 6,1 km dlh\u00fa tra\u0165 (meran\u00e9 vzdu\u0161nou \u010diarou) s prev\u00fd\u0161en\u00edm 255 m a prekvapuj\u00faco nie so 16, ale s 23 kontrolami. <img loading=\"lazy\" decoding=\"async\" height=\"16\" width=\"16\" alt=\"?\" src=\"https:\/\/static.xx.fbcdn.net\/images\/emoji.php\/v9\/ta8\/1.5\/16\/1f601.png\"> Ni\u017e\u0161ie V\u00e1m prin\u00e1\u0161ame kr\u00e1tky, lukrat\u00edvny, pred-\u0161tartov\u00fd rozhovor s t\u00fdmto na\u0161im n\u00e1dejn\u00fdm reprezentantom. <br><br><strong>Ako hodnot\u00ed\u0161 svoj v\u00fdkon v kvalifik\u00e1cii a ako sa ti podarilo po\u010das dvoch dn\u00ed vo\u013ena zregenerova\u0165 pred zajtraj\u0161\u00edm fin\u00e1le?<\/strong><br>Sna\u017eil som sa s\u00fastredi\u0165 len na svoj v\u00fdkon a preda\u0165 to, \u010do som mal natr\u00e9novan\u00e9. Od za\u010diatku som i\u0161iel na plno s d\u00f4razom na mapu, aby som nespravil chybu a dr\u017eal si svoje tempo.V regener\u00e1cii po pretekoch som urobil maximum \u010do sa dalo a \u010do mi vyhovuje.<br><br><strong>Pred nieko\u013ek\u00fdmi t\u00fd\u017ed\u0148ami si absolvoval juniorsk\u00e9 MS. V akej forme sa c\u00edti\u0161 teraz v porovnan\u00ed s juniorsk\u00fdm \u0161ampion\u00e1tom?<\/strong> <br>\u0164a\u017eko poveda\u0165 \u010di je lep\u0161ia forma. Predsa nejde o \u010dasy na dr\u00e1he. Sila v noh\u00e1ch bola, d\u00fafam, \u017ee aj bude. Na severe je to nevyhnutn\u00e9. <br><br><strong>Ak\u00e1 n\u00e1ro\u010dn\u00e1 bola pod\u013ea teba kvalifik\u00e1cia po mapovej str\u00e1nke, a ak\u00e9 m\u00e1\u0161 inform\u00e1cie o fin\u00e1le? Bude podobnej n\u00e1ro\u010dnosti ako kvalda alebo organiz\u00e1tori hl\u00e1sia technicky n\u00e1ro\u010dnej\u0161\u00ed ter\u00e9n?<\/strong> <br>Mysl\u00edm, \u017ee kvalifik\u00e1cia nebola po mapovej str\u00e1nke a\u017e tak n\u00e1ro\u010dn\u00e1. Les bol v prvej polovici dos\u0165 otvoren\u00fd, ale chyby sa tam dali robi\u0165.Fin\u00e1le by malo by\u0165 n\u00e1ro\u010dnej\u0161ie, viac detailov, men\u0161ia vidite\u013enos\u0165, v\u00e4\u010d\u0161\u00ed bordel pod nohami.<br><br><strong>M\u00e1\u0161 u\u017e premyslen\u00fa taktiku pre fin\u00e1lov\u00e9 preteky?<\/strong><br>Moja taktika sa nemen\u00ed. Chcem sa uchr\u00e1ni\u0165 pred stresom, ktor\u00fd v karant\u00e9ne st\u00fapa. Budem sa sna\u017ei\u0165 \u00eds\u0165 na istotu a zbyto\u010dne neriskova\u0165, tak aby som bol v cieli spokojn\u00fd so svojim v\u00fdkonom. V hlave m\u00e1m len dve my\u0161lienky, ktor\u00e9 som pochytil od sk\u00fasenej\u0161\u00edch \u201cRob spr\u00e1vne rozhodnutia\u201d a \u201cMapuj, nohy pobe\u017eia sam\u00e9\u201d.<br><br><strong>Organiz\u00e1tori v pokynoch ku fin\u00e1le middlu p\u00edsali inform\u00e1ciu o tom, \u017ee na pred-\u0161tarte bude zv\u00fd\u0161en\u00fd v\u00fdskyt hmyzu. M\u00e1\u0161 dostatok repelentu?<\/strong> <img loading=\"lazy\" decoding=\"async\" height=\"16\" width=\"16\" alt=\"?\" src=\"https:\/\/static.xx.fbcdn.net\/images\/emoji.php\/v9\/tb0\/1.5\/16\/1f609.png\"><br>Nie\u010do sa n\u00e1jde, ur\u010dite sa budem chr\u00e1ni\u0165, ve\u010f ka\u017ed\u00fa \u010derven\u00fa krvinku budem potrebova\u0165. <img loading=\"lazy\" decoding=\"async\" height=\"16\" width=\"16\" alt=\"?\" src=\"https:\/\/static.xx.fbcdn.net\/images\/emoji.php\/v9\/taa\/1.5\/16\/1f603.png\"><br><br>\u010eakujeme Chup\u010dovi za rozhovor a dr\u017e\u00edme mu mocne palce! <img loading=\"lazy\" decoding=\"async\" height=\"16\" width=\"16\" alt=\"?\" src=\"https:\/\/static.xx.fbcdn.net\/images\/emoji.php\/v9\/t3e\/1.5\/16\/1f91e.png\"><\/p>\n","protected":false},"excerpt":{"rendered":"<p>Na majstrovstv\u00e1ch sveta v orienta\u010dnom behu v N\u00f3rsku sa zajtra, 16. augusta 2019 popoludn\u00ed pobe\u017e\u00ed fin\u00e1le pretekov na strednej trati. V mu\u017eskom \u00e1\u010dkovom fin\u00e1le bude slovensk\u00e9 farby h\u00e1ji\u0165 vekom st\u00e1le junior Jakub Chupek, ktor\u00fd si \u00fa\u010das\u0165 vo fin\u00e1le vybojoval v\u00fdborn\u00fdm v\u00fdkonom v utorkovej kvalifik\u00e1cii, kde vo svojom rozbehu skon\u010dil na [&hellip;]<\/p>\n","protected":false},"author":1,"featured_media":200,"comment_status":"closed","ping_status":"closed","sticky":false,"template":"","format":"standard","meta":{"_mi_skip_tracking":false,"footnotes":""},"categories":[1],"tags":[],"class_list":["post-198","post","type-post","status-publish","format-standard","has-post-thumbnail","hentry","category-nezaradene"],"yoast_head":"<!-- This site is optimized with the Yoast SEO plugin v19.0 - https:\/\/yoast.com\/wordpress\/plugins\/seo\/ -->\n<title>Rozhovor s Jakubom Chupekom pred fin\u00e1lov\u00fdmi pretekmi - Power of Orienteering<\/title>\n<meta name=\"robots\" content=\"index, follow, max-snippet:-1, max-image-preview:large, max-video-preview:-1\" \/>\n<link rel=\"canonical\" href=\"https:\/\/powerofo.sk\/?p=198\" \/>\n<meta property=\"og:locale\" content=\"sk_SK\" \/>\n<meta property=\"og:type\" content=\"article\" \/>\n<meta property=\"og:title\" content=\"Rozhovor s Jakubom Chupekom pred fin\u00e1lov\u00fdmi pretekmi - Power of Orienteering\" \/>\n<meta property=\"og:description\" content=\"Na majstrovstv\u00e1ch sveta v orienta\u010dnom behu v N\u00f3rsku sa zajtra, 16. augusta 2019 popoludn\u00ed pobe\u017e\u00ed fin\u00e1le pretekov na strednej trati. V mu\u017eskom \u00e1\u010dkovom fin\u00e1le bude slovensk\u00e9 farby h\u00e1ji\u0165 vekom st\u00e1le junior Jakub Chupek, ktor\u00fd si \u00fa\u010das\u0165 vo fin\u00e1le vybojoval v\u00fdborn\u00fdm v\u00fdkonom v utorkovej kvalifik\u00e1cii, kde vo svojom rozbehu skon\u010dil na [&hellip;]\" \/>\n<meta property=\"og:url\" content=\"https:\/\/powerofo.sk\/?p=198\" \/>\n<meta property=\"og:site_name\" content=\"Power of Orienteering\" \/>\n<meta property=\"article:published_time\" content=\"2021-02-13T16:14:09+00:00\" \/>\n<meta property=\"article:modified_time\" content=\"2021-02-28T17:26:55+00:00\" \/>\n<meta property=\"og:image\" content=\"https:\/\/powerofo.sk\/wp-content\/uploads\/2021\/02\/35597250156_f3969588ec_w-1-e1614532859608.jpg\" \/>\n\t<meta property=\"og:image:width\" content=\"313\" \/>\n\t<meta property=\"og:image:height\" content=\"235\" \/>\n\t<meta property=\"og:image:type\" content=\"image\/jpeg\" \/>\n<meta name=\"twitter:card\" content=\"summary_large_image\" \/>\n<meta name=\"twitter:label1\" content=\"Autor:\" \/>\n\t<meta name=\"twitter:data1\" content=\"\u0160urgy\" \/>\n\t<meta name=\"twitter:label2\" content=\"Predpokladan\u00fd \u010das \u010d\u00edtania\" \/>\n\t<meta name=\"twitter:data2\" content=\"3 min\u00faty\" \/>\n<script type=\"application\/ld+json\" class=\"yoast-schema-graph\">{\"@context\":\"https:\/\/schema.org\",\"@graph\":[{\"@type\":\"WebSite\",\"@id\":\"https:\/\/powerofo.sk\/#website\",\"url\":\"https:\/\/powerofo.sk\/\",\"name\":\"Power of Orienteering\",\"description\":\"\",\"potentialAction\":[{\"@type\":\"SearchAction\",\"target\":{\"@type\":\"EntryPoint\",\"urlTemplate\":\"https:\/\/powerofo.sk\/?s={search_term_string}\"},\"query-input\":\"required name=search_term_string\"}],\"inLanguage\":\"sk-SK\"},{\"@type\":\"ImageObject\",\"inLanguage\":\"sk-SK\",\"@id\":\"https:\/\/powerofo.sk\/?p=198#primaryimage\",\"url\":\"https:\/\/powerofo.sk\/wp-content\/uploads\/2021\/02\/35597250156_f3969588ec_w-1-e1614532859608.jpg\",\"contentUrl\":\"https:\/\/powerofo.sk\/wp-content\/uploads\/2021\/02\/35597250156_f3969588ec_w-1-e1614532859608.jpg\",\"width\":313,\"height\":235},{\"@type\":\"WebPage\",\"@id\":\"https:\/\/powerofo.sk\/?p=198#webpage\",\"url\":\"https:\/\/powerofo.sk\/?p=198\",\"name\":\"Rozhovor s Jakubom Chupekom pred fin\u00e1lov\u00fdmi pretekmi - Power of Orienteering\",\"isPartOf\":{\"@id\":\"https:\/\/powerofo.sk\/#website\"},\"primaryImageOfPage\":{\"@id\":\"https:\/\/powerofo.sk\/?p=198#primaryimage\"},\"datePublished\":\"2021-02-13T16:14:09+00:00\",\"dateModified\":\"2021-02-28T17:26:55+00:00\",\"author\":{\"@id\":\"https:\/\/powerofo.sk\/#\/schema\/person\/5dd1412b6ff671542e1ee818586682b6\"},\"breadcrumb\":{\"@id\":\"https:\/\/powerofo.sk\/?p=198#breadcrumb\"},\"inLanguage\":\"sk-SK\",\"potentialAction\":[{\"@type\":\"ReadAction\",\"target\":[\"https:\/\/powerofo.sk\/?p=198\"]}]},{\"@type\":\"BreadcrumbList\",\"@id\":\"https:\/\/powerofo.sk\/?p=198#breadcrumb\",\"itemListElement\":[{\"@type\":\"ListItem\",\"position\":1,\"name\":\"Home\",\"item\":\"https:\/\/powerofo.sk\/\"},{\"@type\":\"ListItem\",\"position\":2,\"name\":\"Rozhovor s Jakubom Chupekom pred fin\u00e1lov\u00fdmi pretekmi\"}]},{\"@type\":\"Person\",\"@id\":\"https:\/\/powerofo.sk\/#\/schema\/person\/5dd1412b6ff671542e1ee818586682b6\",\"name\":\"\u0160urgy\",\"image\":{\"@type\":\"ImageObject\",\"inLanguage\":\"sk-SK\",\"@id\":\"https:\/\/powerofo.sk\/#\/schema\/person\/image\/\",\"url\":\"https:\/\/secure.gravatar.com\/avatar\/8c84b883153373da396e8aabcf80a279?s=96&d=mm&r=g\",\"contentUrl\":\"https:\/\/secure.gravatar.com\/avatar\/8c84b883153373da396e8aabcf80a279?s=96&d=mm&r=g\",\"caption\":\"\u0160urgy\"},\"sameAs\":[\"http:\/\/powerofo.sk\"],\"url\":\"https:\/\/powerofo.sk\/?author=1\"}]}<\/script>\n<!-- \/ Yoast SEO plugin. -->","yoast_head_json":{"title":"Rozhovor s Jakubom Chupekom pred fin\u00e1lov\u00fdmi pretekmi - Power of Orienteering","robots":{"index":"index","follow":"follow","max-snippet":"max-snippet:-1","max-image-preview":"max-image-preview:large","max-video-preview":"max-video-preview:-1"},"canonical":"https:\/\/powerofo.sk\/?p=198","og_locale":"sk_SK","og_type":"article","og_title":"Rozhovor s Jakubom Chupekom pred fin\u00e1lov\u00fdmi pretekmi - Power of Orienteering","og_description":"Na majstrovstv\u00e1ch sveta v orienta\u010dnom behu v N\u00f3rsku sa zajtra, 16. augusta 2019 popoludn\u00ed pobe\u017e\u00ed fin\u00e1le pretekov na strednej trati. V mu\u017eskom \u00e1\u010dkovom fin\u00e1le bude slovensk\u00e9 farby h\u00e1ji\u0165 vekom st\u00e1le junior Jakub Chupek, ktor\u00fd si \u00fa\u010das\u0165 vo fin\u00e1le vybojoval v\u00fdborn\u00fdm v\u00fdkonom v utorkovej kvalifik\u00e1cii, kde vo svojom rozbehu skon\u010dil na [&hellip;]","og_url":"https:\/\/powerofo.sk\/?p=198","og_site_name":"Power of Orienteering","article_published_time":"2021-02-13T16:14:09+00:00","article_modified_time":"2021-02-28T17:26:55+00:00","og_image":[{"width":313,"height":235,"url":"https:\/\/powerofo.sk\/wp-content\/uploads\/2021\/02\/35597250156_f3969588ec_w-1-e1614532859608.jpg","type":"image\/jpeg"}],"twitter_card":"summary_large_image","twitter_misc":{"Autor:":"\u0160urgy","Predpokladan\u00fd \u010das \u010d\u00edtania":"3 min\u00faty"},"schema":{"@context":"https:\/\/schema.org","@graph":[{"@type":"WebSite","@id":"https:\/\/powerofo.sk\/#website","url":"https:\/\/powerofo.sk\/","name":"Power of Orienteering","description":"","potentialAction":[{"@type":"SearchAction","target":{"@type":"EntryPoint","urlTemplate":"https:\/\/powerofo.sk\/?s={search_term_string}"},"query-input":"required name=search_term_string"}],"inLanguage":"sk-SK"},{"@type":"ImageObject","inLanguage":"sk-SK","@id":"https:\/\/powerofo.sk\/?p=198#primaryimage","url":"https:\/\/powerofo.sk\/wp-content\/uploads\/2021\/02\/35597250156_f3969588ec_w-1-e1614532859608.jpg","contentUrl":"https:\/\/powerofo.sk\/wp-content\/uploads\/2021\/02\/35597250156_f3969588ec_w-1-e1614532859608.jpg","width":313,"height":235},{"@type":"WebPage","@id":"https:\/\/powerofo.sk\/?p=198#webpage","url":"https:\/\/powerofo.sk\/?p=198","name":"Rozhovor s Jakubom Chupekom pred fin\u00e1lov\u00fdmi pretekmi - Power of Orienteering","isPartOf":{"@id":"https:\/\/powerofo.sk\/#website"},"primaryImageOfPage":{"@id":"https:\/\/powerofo.sk\/?p=198#primaryimage"},"datePublished":"2021-02-13T16:14:09+00:00","dateModified":"2021-02-28T17:26:55+00:00","author":{"@id":"https:\/\/powerofo.sk\/#\/schema\/person\/5dd1412b6ff671542e1ee818586682b6"},"breadcrumb":{"@id":"https:\/\/powerofo.sk\/?p=198#breadcrumb"},"inLanguage":"sk-SK","potentialAction":[{"@type":"ReadAction","target":["https:\/\/powerofo.sk\/?p=198"]}]},{"@type":"BreadcrumbList","@id":"https:\/\/powerofo.sk\/?p=198#breadcrumb","itemListElement":[{"@type":"ListItem","position":1,"name":"Home","item":"https:\/\/powerofo.sk\/"},{"@type":"ListItem","position":2,"name":"Rozhovor s Jakubom Chupekom pred fin\u00e1lov\u00fdmi pretekmi"}]},{"@type":"Person","@id":"https:\/\/powerofo.sk\/#\/schema\/person\/5dd1412b6ff671542e1ee818586682b6","name":"\u0160urgy","image":{"@type":"ImageObject","inLanguage":"sk-SK","@id":"https:\/\/powerofo.sk\/#\/schema\/person\/image\/","url":"https:\/\/secure.gravatar.com\/avatar\/8c84b883153373da396e8aabcf80a279?s=96&d=mm&r=g","contentUrl":"https:\/\/secure.gravatar.com\/avatar\/8c84b883153373da396e8aabcf80a279?s=96&d=mm&r=g","caption":"\u0160urgy"},"sameAs":["http:\/\/powerofo.sk"],"url":"https:\/\/powerofo.sk\/?author=1"}]}},"_links":{"self":[{"href":"https:\/\/powerofo.sk\/index.php?rest_route=\/wp\/v2\/posts\/198"}],"collection":[{"href":"https:\/\/powerofo.sk\/index.php?rest_route=\/wp\/v2\/posts"}],"about":[{"href":"https:\/\/powerofo.sk\/index.php?rest_route=\/wp\/v2\/types\/post"}],"author":[{"embeddable":true,"href":"https:\/\/powerofo.sk\/index.php?rest_route=\/wp\/v2\/users\/1"}],"replies":[{"embeddable":true,"href":"https:\/\/powerofo.sk\/index.php?rest_route=%2Fwp%2Fv2%2Fcomments&post=198"}],"version-history":[{"count":1,"href":"https:\/\/powerofo.sk\/index.php?rest_route=\/wp\/v2\/posts\/198\/revisions"}],"predecessor-version":[{"id":201,"href":"https:\/\/powerofo.sk\/index.php?rest_route=\/wp\/v2\/posts\/198\/revisions\/201"}],"wp:featuredmedia":[{"embeddable":true,"href":"https:\/\/powerofo.sk\/index.php?rest_route=\/wp\/v2\/media\/200"}],"wp:attachment":[{"href":"https:\/\/powerofo.sk\/index.php?rest_route=%2Fwp%2Fv2%2Fmedia&parent=198"}],"wp:term":[{"taxonomy":"category","embeddable":true,"href":"https:\/\/powerofo.sk\/index.php?rest_route=%2Fwp%2Fv2%2Fcategories&post=198"},{"taxonomy":"post_tag","embeddable":true,"href":"https:\/\/powerofo.sk\/index.php?rest_route=%2Fwp%2Fv2%2Ftags&post=198"}],"curies":[{"name":"wp","href":"https:\/\/api.w.org\/{rel}","templated":true}]}}