{"id":366,"date":"2021-05-14T00:10:39","date_gmt":"2021-05-13T22:10:39","guid":{"rendered":"http:\/\/powerofo.sk\/?p=366"},"modified":"2021-05-14T00:26:48","modified_gmt":"2021-05-13T22:26:48","slug":"rozhovor-s-medardom-federom","status":"publish","type":"post","link":"https:\/\/powerofo.sk\/?p=366","title":{"rendered":"Rozhovor s Medardom F\u00e9derom"},"content":{"rendered":"\n<p>K\u00fdm na Slovensku s\u00fa e\u0161te preteky celon\u00e1rodn\u00e9ho v\u00fdznamu v orienta\u010dnom behu v nedoh\u013eadne, \u010cechom sa uplynul\u00fd v\u00edkend podarilo zorganizova\u0165 prv\u00e9 dve kola \u010cesk\u00e9ho poh\u00e1ra v Jihlave. V sobotu boli na programe preteky v \u0161printe a v nede\u013eu preteky na strednej trati. V drese klubu TJ Slovan Luha\u010dovice sa v dobrom svetle v kateg\u00f3rii juniorov predstavil slovensk\u00fd juniorsk\u00fd reprezentant Medard F\u00e9der (Klub OB\u00a0A\u0160K Pezinok ) s ktor\u00fdm sme urobili kr\u00e1tky rozhovor. \u00a0\u00a0<\/p>\n\n\n\n<p><strong>Po dlh\u0161ej dobe sa uskuto\u010dnili v\u00e4\u010d\u0161ie preteky. A-\u010dkov\u00fd rebr\u00ed\u010dek v \u010cech\u00e1ch, kde si zaznamenal v\u00fdborn\u00e9 v\u00fdsledky. Prv\u00e9 miesto v \u0161printe a tretie na strednej trati. Ako moc si sa na tieto preteky te\u0161il a ak\u00e9 v\u00fdsledky si na nich o\u010dak\u00e1val?<\/strong><\/p>\n\n\n\n<p>Te\u0161il som sa stra\u0161ne, ke\u010f\u017ee to mali by\u0165 moje prv\u00e9 v\u00e4\u010d\u0161ie preteky v tomto roku. Nevedel som \u010do od seba m\u00f4\u017eem o\u010dak\u00e1va\u0165. Moj\u00edm cie\u013eom bolo poda\u0165 \u010dist\u00e9 a plynul\u00e9 v\u00fdkony v oboch pretekoch. \u0160print sa mi podaril, ale na kr\u00e1tkej trati som spravil aj nejak\u00e9 men\u0161ie chyby. Ale s v\u00fdsledkami som samozrejme spokojn\u00fd.<\/p>\n\n\n\n<p><strong>Prv\u00e9 preteky boli v \u0161printe a boli fakt po dlhej dobe. Zv\u00ed\u0165azil si v silnej \u010deskej konkurencii. Ak\u00e9 pocity si mal pred \u0161tartom a po\u010das pretekov?<\/strong><\/p>\n\n\n\n<p>Bol som trochu v strese, ke\u010f\u017ee som dlh\u00fa dobu nepretekal na pretekoch v silnej konkurencii. Pred \u0161tartom som poci\u0165oval miernu slabos\u0165 a \u00fanavu, ale po od\u0161tartovan\u00ed som sa na trati c\u00edtil dobre aj ke\u010f som vedel, \u017ee to mus\u00edm \u00eds\u0165 od za\u010diatku do konca naplno, lebo to je \u0161print a v \u0161printe to je nevyhnutn\u00e9 ak chce \u010dlovek uspie\u0165.<\/p>\n\n\n\n<div class=\"wp-block-image\"><figure class=\"aligncenter size-large\"><img loading=\"lazy\" decoding=\"async\" width=\"597\" height=\"421\" src=\"http:\/\/powerofo.sk\/wp-content\/uploads\/2021\/05\/Bez-nazvu-2.jpg\" alt=\"\" class=\"wp-image-369\" srcset=\"https:\/\/powerofo.sk\/wp-content\/uploads\/2021\/05\/Bez-nazvu-2.jpg 597w, https:\/\/powerofo.sk\/wp-content\/uploads\/2021\/05\/Bez-nazvu-2-300x212.jpg 300w\" sizes=\"(max-width: 597px) 100vw, 597px\" \/><\/figure><\/div>\n\n\n\n<p><strong>Na strednej trati si spom\u00ednal aj men\u0161ie chyby. Ko\u013eko \u0164a asi st\u00e1li \u010dasu a ako si sa s nimi vyrovn\u00e1val po\u010das samotn\u00fdch pretekov?<\/strong><\/p>\n\n\n\n<p>\u00c1no, men\u0161ie chyby tam boli. Stratil som dokopy tak min\u00fatu a pol. Po\u010das trate ma to celkom zamrzelo, ale i\u0161iel som \u010falej a po ka\u017edej chybe, aj ke\u010f bola napr\u00edklad v\u00fdraznej\u0161ia, som si hovoril, \u017ee mus\u00edm za\u010da\u0165 akoby od znova a na chybu zabudn\u00fa\u0165.<\/p>\n\n\n\n<p><strong>Napriek t\u00fdmto chyb\u00e1m si skon\u010dil na bedni. Prekvapilo \u0165a to, alebo si to aj tak o\u010dak\u00e1val?<\/strong><\/p>\n\n\n\n<p>Celkom ma to prekvapilo a z\u00e1rove\u0148 pote\u0161ilo, \u017ee to nakoniec sta\u010dilo na 3.miesto. Ke\u010f som dobehol do cie\u013ea, odhadoval som to na umiestnenie do 10. miesta. Ale nakoniec to dopadlo ove\u013ea lep\u0161ie za \u010do som r\u00e1d. Aj ke\u010f to tak z mapy nevypadalo, ter\u00e9n bol celkom n\u00e1ro\u010dn\u00fd a chybovala v\u00e4\u010d\u0161ina pretek\u00e1rov.<\/p>\n\n\n\n<figure class=\"wp-block-image size-large\"><img loading=\"lazy\" decoding=\"async\" width=\"834\" height=\"314\" src=\"http:\/\/powerofo.sk\/wp-content\/uploads\/2021\/05\/Bez-nazvu.jpg\" alt=\"\" class=\"wp-image-368\" srcset=\"https:\/\/powerofo.sk\/wp-content\/uploads\/2021\/05\/Bez-nazvu.jpg 834w, https:\/\/powerofo.sk\/wp-content\/uploads\/2021\/05\/Bez-nazvu-300x113.jpg 300w, https:\/\/powerofo.sk\/wp-content\/uploads\/2021\/05\/Bez-nazvu-768x289.jpg 768w\" sizes=\"(max-width: 834px) 100vw, 834px\" \/><\/figure>\n\n\n\n<p><strong>Ako sa Ti dar\u00ed v tr\u00e9ningu? Ide v\u0161etko pod\u013ea Tvojich predst\u00e1v?<\/strong><\/p>\n\n\n\n<p>V tr\u00e9ningu sa mi dar\u00ed. Sna\u017e\u00edm sa pravidelne a postupne tr\u00e9nova\u0165 pod\u013ea pl\u00e1nu. Zatia\u013e nem\u00e1m \u017eiadne zranenia, za \u010do som r\u00e1d. Tak\u017ee \u00e1no, v\u0161etko ide pod\u013ea mojich predst\u00e1v.<\/p>\n\n\n\n<p><strong>Juniorsk\u00e9 MS v Turecku sa presunuli na september. Ale za necel\u00e9 dva mesiace s\u00fa MS dospel\u00fdch v \u010cech\u00e1ch. Pl\u00e1nuje\u0161 sa uch\u00e1dza\u0165 na nomina\u010dn\u00fdch pretekoch aj o &#8222;miestenku&#8220; na toto podujatie?<\/strong><\/p>\n\n\n\n<p>\u017de sa juniorsk\u00e9 presunuli na september mi celkom vyhovuje. Aspo\u0148 je viac \u010dasu na pr\u00edpravu. Ur\u010dite sa pl\u00e1nujem uch\u00e1dza\u0165 aj o nomin\u00e1ciu na MS v \u010cech\u00e1ch.<\/p>\n\n\n\n<p><strong>Si prv\u00fdm rokom \u0161tudent vysokej \u0161koly. \u010co a kde \u0161tuduje\u0161? Ako sa Ti v tom dar\u00ed a ako to ide sk\u013abi\u0165 s tr\u00e9ningom?<\/strong><\/p>\n\n\n\n<p>Za\u010dal som \u0161tudova\u0165 na Ekonomickej Univerzite v Bratislave. \u0160t\u00fadium, ako na v\u00e4\u010d\u0161ine vysok\u00fdch \u0161k\u00f4l, teraz prebieha di\u0161tan\u010dne. To my vyhovuje. M\u00e1m viac \u010dasu na tr\u00e9ning a v\u0161etko sa d\u00e1 v pohode st\u00edha\u0165. Tr\u00e9ning si pl\u00e1nujem v\u017edy minim\u00e1lne t\u00fd\u017ede\u0148 dopredu. Za\u010d\u00edna mi sk\u00fa\u0161kov\u00e9 obdobie, \u010do bude n\u00e1ro\u010dnej\u0161ie spoji\u0165 s \u00fa\u010das\u0165ou na pretekoch ktor\u00e9 sa kone\u010dne rozbiehaj\u00fa, a s dodr\u017eiavan\u00edm tr\u00e9ningov\u00e9ho pl\u00e1nu. Ale ver\u00edm, \u017ee sa mi to podar\u00ed zvl\u00e1dnu\u0165.<\/p>\n\n\n\n<p><strong>Pre\u010do si si vybral pr\u00e1ve ekon\u00f3mku? Je nie\u010do, \u010do \u0165a na tomto obore bav\u00ed, alebo si sa rozhodoval sk\u00f4r prakticky? Zva\u017eoval si aj in\u00e9 \u0161koly?<\/strong><\/p>\n\n\n\n<p>\u0164a\u017ek\u00e1 ot\u00e1zka, ale \u00e1no, vybral som si ekon\u00f3mku preto\u017ee ma to aj bav\u00ed a aj mi to d\u00fafam nie\u010do do \u017eivota d\u00e1. Zva\u017eoval som aj in\u00e9 \u0161koly, napr\u00edklad Pr\u00edrodovedeck\u00fa \u0161kolu, alebo FTV\u0160.<\/p>\n\n\n\n<p><strong>Rozm\u00fd\u0161\u013eal si aj o nejakej \u0161kole v zahrani\u010d\u00ed, alebo si chcel zosta\u0165 \u0161tudova\u0165 na Slovensku?<\/strong><\/p>\n\n\n\n<p>Uva\u017eoval som aj nad nejakou v\u00fd\u0161kou v Brne, kv\u00f4li podmienkam na orien\u0165\u00e1k. Ale nakoniec som sa rozhodol pre \u0161kolu v Bratislave. Uvedomil som si, \u017ee mi to takto viac vyhovuje.<\/p>\n\n\n\n<p><strong>Zost\u00e1va Ti popri tr\u00e9ningu a \u0161kole \u010das aj na in\u00e9 veci? M\u00e1\u0161 nejak\u00e9 z\u00e1\u013euby ktor\u00fdm sa venuje\u0161 vo vo\u013enom \u010dase?<\/strong><\/p>\n\n\n\n<p>\u00c1no zost\u00e1va. Ve\u013emi r\u00e1d napr\u00edklad po\u010d\u00favam hudbu, \u010d\u00edtam knihy, pozer\u00e1m filmy a pred ned\u00e1vnom som za\u010dal aj tro\u0161ku cvi\u010di\u0165.<\/p>\n\n\n\n<p><strong>Ob\u013euben\u00e1 hudba? Ob\u013e\u00faben\u00e1 kniha? Ob\u013e\u00faben\u00fd film? A ob\u013e\u00faben\u00fd cvik?<\/strong><\/p>\n\n\n\n<p>Nem\u00e1m nejak\u00fa jednu ob\u013e\u00faben\u00fa pesni\u010dku. V\u0161eobecne m\u00e1m r\u00e1d popov\u00fa hudbu. A m\u00f4j ob\u013e\u00faben\u00fd film je zo \u0161portov\u00e9ho prostredia &#8211; Creed. Kniha, ktor\u00fa m\u00e1m najrad\u0161ej je od Scotta Jureka &#8211; Jedz a Behaj. A m\u00f4j ob\u013e\u00faben\u00fd cvik s\u00fa asi oby\u010dajn\u00e9 kliky. &nbsp;<\/p>\n\n\n\n<p><strong>Ak\u00fd je tvoj najbli\u017e\u0161\u00ed pretekov\u00fd pl\u00e1n a ktor\u00e9 preteky v tejto sez\u00f3ne si d\u00e1va\u0161 ako prioritn\u00e9?<\/strong><\/p>\n\n\n\n<p>Najbli\u017e\u0161ie sa chyst\u00e1m na M\u010cR v \u0161printe a M\u010cR \u0161tafiet v \u0161printe. Potom na reprezenta\u010dn\u00e9 s\u00fastredenie a samozrejme na nomina\u010dn\u00e9 preteky na JWOC a WOC. Moj\u00edm najv\u00e4\u010d\u0161\u00edm tohtoro\u010dn\u00fdm cie\u013eom je JWOC v Turecku v septembri.<\/p>\n\n\n\n<p><strong>V ktorej discipl\u00edne si najviac ver\u00ed\u0161, a ktor\u00fa m\u00e1\u0161 najrad\u0161ej?<\/strong><\/p>\n\n\n\n<p>Najviac si ver\u00edm na dlhej trati, ktor\u00fa m\u00e1m aj najrad\u0161ej. Ale v poslednej dobe za\u010d\u00ednam ma\u0165 viac v ob\u013eube aj stredn\u00fa tra\u0165.<\/p>\n","protected":false},"excerpt":{"rendered":"<p>K\u00fdm na Slovensku s\u00fa e\u0161te preteky celon\u00e1rodn\u00e9ho v\u00fdznamu v orienta\u010dnom behu v nedoh\u013eadne, \u010cechom sa uplynul\u00fd v\u00edkend podarilo zorganizova\u0165 prv\u00e9 dve kola \u010cesk\u00e9ho poh\u00e1ra v Jihlave. V sobotu boli na programe preteky v \u0161printe a v nede\u013eu preteky na strednej trati. V drese klubu TJ Slovan Luha\u010dovice sa v dobrom [&hellip;]<\/p>\n","protected":false},"author":1,"featured_media":363,"comment_status":"closed","ping_status":"closed","sticky":false,"template":"","format":"standard","meta":{"_mi_skip_tracking":false,"footnotes":""},"categories":[1],"tags":[],"class_list":["post-366","post","type-post","status-publish","format-standard","has-post-thumbnail","hentry","category-nezaradene"],"yoast_head":"<!-- This site is optimized with the Yoast SEO plugin v19.0 - https:\/\/yoast.com\/wordpress\/plugins\/seo\/ -->\n<title>Rozhovor s Medardom F\u00e9derom - Power of Orienteering<\/title>\n<meta name=\"robots\" content=\"index, follow, max-snippet:-1, max-image-preview:large, max-video-preview:-1\" \/>\n<link rel=\"canonical\" href=\"https:\/\/powerofo.sk\/?p=366\" \/>\n<meta property=\"og:locale\" content=\"sk_SK\" \/>\n<meta property=\"og:type\" content=\"article\" \/>\n<meta property=\"og:title\" content=\"Rozhovor s Medardom F\u00e9derom - Power of Orienteering\" \/>\n<meta property=\"og:description\" content=\"K\u00fdm na Slovensku s\u00fa e\u0161te preteky celon\u00e1rodn\u00e9ho v\u00fdznamu v orienta\u010dnom behu v nedoh\u013eadne, \u010cechom sa uplynul\u00fd v\u00edkend podarilo zorganizova\u0165 prv\u00e9 dve kola \u010cesk\u00e9ho poh\u00e1ra v Jihlave. V sobotu boli na programe preteky v \u0161printe a v nede\u013eu preteky na strednej trati. V drese klubu TJ Slovan Luha\u010dovice sa v dobrom [&hellip;]\" \/>\n<meta property=\"og:url\" content=\"https:\/\/powerofo.sk\/?p=366\" \/>\n<meta property=\"og:site_name\" content=\"Power of Orienteering\" \/>\n<meta property=\"article:published_time\" content=\"2021-05-13T22:10:39+00:00\" \/>\n<meta property=\"article:modified_time\" content=\"2021-05-13T22:26:48+00:00\" \/>\n<meta property=\"og:image\" content=\"https:\/\/powerofo.sk\/wp-content\/uploads\/2021\/05\/202105081724-NZ6_4683-scaled.jpg\" \/>\n\t<meta property=\"og:image:width\" content=\"2560\" \/>\n\t<meta property=\"og:image:height\" content=\"1705\" \/>\n\t<meta property=\"og:image:type\" content=\"image\/jpeg\" \/>\n<meta name=\"twitter:card\" content=\"summary_large_image\" \/>\n<meta name=\"twitter:label1\" content=\"Autor:\" \/>\n\t<meta name=\"twitter:data1\" content=\"\u0160urgy\" \/>\n\t<meta name=\"twitter:label2\" content=\"Predpokladan\u00fd \u010das \u010d\u00edtania\" \/>\n\t<meta name=\"twitter:data2\" content=\"5 min\u00fat\" \/>\n<script type=\"application\/ld+json\" class=\"yoast-schema-graph\">{\"@context\":\"https:\/\/schema.org\",\"@graph\":[{\"@type\":\"WebSite\",\"@id\":\"https:\/\/powerofo.sk\/#website\",\"url\":\"https:\/\/powerofo.sk\/\",\"name\":\"Power of Orienteering\",\"description\":\"\",\"potentialAction\":[{\"@type\":\"SearchAction\",\"target\":{\"@type\":\"EntryPoint\",\"urlTemplate\":\"https:\/\/powerofo.sk\/?s={search_term_string}\"},\"query-input\":\"required name=search_term_string\"}],\"inLanguage\":\"sk-SK\"},{\"@type\":\"ImageObject\",\"inLanguage\":\"sk-SK\",\"@id\":\"https:\/\/powerofo.sk\/?p=366#primaryimage\",\"url\":\"https:\/\/powerofo.sk\/wp-content\/uploads\/2021\/05\/202105081724-NZ6_4683-scaled.jpg\",\"contentUrl\":\"https:\/\/powerofo.sk\/wp-content\/uploads\/2021\/05\/202105081724-NZ6_4683-scaled.jpg\",\"width\":2560,\"height\":1705},{\"@type\":\"WebPage\",\"@id\":\"https:\/\/powerofo.sk\/?p=366#webpage\",\"url\":\"https:\/\/powerofo.sk\/?p=366\",\"name\":\"Rozhovor s Medardom F\u00e9derom - Power of Orienteering\",\"isPartOf\":{\"@id\":\"https:\/\/powerofo.sk\/#website\"},\"primaryImageOfPage\":{\"@id\":\"https:\/\/powerofo.sk\/?p=366#primaryimage\"},\"datePublished\":\"2021-05-13T22:10:39+00:00\",\"dateModified\":\"2021-05-13T22:26:48+00:00\",\"author\":{\"@id\":\"https:\/\/powerofo.sk\/#\/schema\/person\/5dd1412b6ff671542e1ee818586682b6\"},\"breadcrumb\":{\"@id\":\"https:\/\/powerofo.sk\/?p=366#breadcrumb\"},\"inLanguage\":\"sk-SK\",\"potentialAction\":[{\"@type\":\"ReadAction\",\"target\":[\"https:\/\/powerofo.sk\/?p=366\"]}]},{\"@type\":\"BreadcrumbList\",\"@id\":\"https:\/\/powerofo.sk\/?p=366#breadcrumb\",\"itemListElement\":[{\"@type\":\"ListItem\",\"position\":1,\"name\":\"Home\",\"item\":\"https:\/\/powerofo.sk\/\"},{\"@type\":\"ListItem\",\"position\":2,\"name\":\"Rozhovor s Medardom F\u00e9derom\"}]},{\"@type\":\"Person\",\"@id\":\"https:\/\/powerofo.sk\/#\/schema\/person\/5dd1412b6ff671542e1ee818586682b6\",\"name\":\"\u0160urgy\",\"image\":{\"@type\":\"ImageObject\",\"inLanguage\":\"sk-SK\",\"@id\":\"https:\/\/powerofo.sk\/#\/schema\/person\/image\/\",\"url\":\"https:\/\/secure.gravatar.com\/avatar\/8c84b883153373da396e8aabcf80a279?s=96&d=mm&r=g\",\"contentUrl\":\"https:\/\/secure.gravatar.com\/avatar\/8c84b883153373da396e8aabcf80a279?s=96&d=mm&r=g\",\"caption\":\"\u0160urgy\"},\"sameAs\":[\"http:\/\/powerofo.sk\"],\"url\":\"https:\/\/powerofo.sk\/?author=1\"}]}<\/script>\n<!-- \/ Yoast SEO plugin. -->","yoast_head_json":{"title":"Rozhovor s Medardom F\u00e9derom - Power of Orienteering","robots":{"index":"index","follow":"follow","max-snippet":"max-snippet:-1","max-image-preview":"max-image-preview:large","max-video-preview":"max-video-preview:-1"},"canonical":"https:\/\/powerofo.sk\/?p=366","og_locale":"sk_SK","og_type":"article","og_title":"Rozhovor s Medardom F\u00e9derom - Power of Orienteering","og_description":"K\u00fdm na Slovensku s\u00fa e\u0161te preteky celon\u00e1rodn\u00e9ho v\u00fdznamu v orienta\u010dnom behu v nedoh\u013eadne, \u010cechom sa uplynul\u00fd v\u00edkend podarilo zorganizova\u0165 prv\u00e9 dve kola \u010cesk\u00e9ho poh\u00e1ra v Jihlave. V sobotu boli na programe preteky v \u0161printe a v nede\u013eu preteky na strednej trati. V drese klubu TJ Slovan Luha\u010dovice sa v dobrom [&hellip;]","og_url":"https:\/\/powerofo.sk\/?p=366","og_site_name":"Power of Orienteering","article_published_time":"2021-05-13T22:10:39+00:00","article_modified_time":"2021-05-13T22:26:48+00:00","og_image":[{"width":2560,"height":1705,"url":"https:\/\/powerofo.sk\/wp-content\/uploads\/2021\/05\/202105081724-NZ6_4683-scaled.jpg","type":"image\/jpeg"}],"twitter_card":"summary_large_image","twitter_misc":{"Autor:":"\u0160urgy","Predpokladan\u00fd \u010das \u010d\u00edtania":"5 min\u00fat"},"schema":{"@context":"https:\/\/schema.org","@graph":[{"@type":"WebSite","@id":"https:\/\/powerofo.sk\/#website","url":"https:\/\/powerofo.sk\/","name":"Power of Orienteering","description":"","potentialAction":[{"@type":"SearchAction","target":{"@type":"EntryPoint","urlTemplate":"https:\/\/powerofo.sk\/?s={search_term_string}"},"query-input":"required name=search_term_string"}],"inLanguage":"sk-SK"},{"@type":"ImageObject","inLanguage":"sk-SK","@id":"https:\/\/powerofo.sk\/?p=366#primaryimage","url":"https:\/\/powerofo.sk\/wp-content\/uploads\/2021\/05\/202105081724-NZ6_4683-scaled.jpg","contentUrl":"https:\/\/powerofo.sk\/wp-content\/uploads\/2021\/05\/202105081724-NZ6_4683-scaled.jpg","width":2560,"height":1705},{"@type":"WebPage","@id":"https:\/\/powerofo.sk\/?p=366#webpage","url":"https:\/\/powerofo.sk\/?p=366","name":"Rozhovor s Medardom F\u00e9derom - Power of Orienteering","isPartOf":{"@id":"https:\/\/powerofo.sk\/#website"},"primaryImageOfPage":{"@id":"https:\/\/powerofo.sk\/?p=366#primaryimage"},"datePublished":"2021-05-13T22:10:39+00:00","dateModified":"2021-05-13T22:26:48+00:00","author":{"@id":"https:\/\/powerofo.sk\/#\/schema\/person\/5dd1412b6ff671542e1ee818586682b6"},"breadcrumb":{"@id":"https:\/\/powerofo.sk\/?p=366#breadcrumb"},"inLanguage":"sk-SK","potentialAction":[{"@type":"ReadAction","target":["https:\/\/powerofo.sk\/?p=366"]}]},{"@type":"BreadcrumbList","@id":"https:\/\/powerofo.sk\/?p=366#breadcrumb","itemListElement":[{"@type":"ListItem","position":1,"name":"Home","item":"https:\/\/powerofo.sk\/"},{"@type":"ListItem","position":2,"name":"Rozhovor s Medardom F\u00e9derom"}]},{"@type":"Person","@id":"https:\/\/powerofo.sk\/#\/schema\/person\/5dd1412b6ff671542e1ee818586682b6","name":"\u0160urgy","image":{"@type":"ImageObject","inLanguage":"sk-SK","@id":"https:\/\/powerofo.sk\/#\/schema\/person\/image\/","url":"https:\/\/secure.gravatar.com\/avatar\/8c84b883153373da396e8aabcf80a279?s=96&d=mm&r=g","contentUrl":"https:\/\/secure.gravatar.com\/avatar\/8c84b883153373da396e8aabcf80a279?s=96&d=mm&r=g","caption":"\u0160urgy"},"sameAs":["http:\/\/powerofo.sk"],"url":"https:\/\/powerofo.sk\/?author=1"}]}},"_links":{"self":[{"href":"https:\/\/powerofo.sk\/index.php?rest_route=\/wp\/v2\/posts\/366"}],"collection":[{"href":"https:\/\/powerofo.sk\/index.php?rest_route=\/wp\/v2\/posts"}],"about":[{"href":"https:\/\/powerofo.sk\/index.php?rest_route=\/wp\/v2\/types\/post"}],"author":[{"embeddable":true,"href":"https:\/\/powerofo.sk\/index.php?rest_route=\/wp\/v2\/users\/1"}],"replies":[{"embeddable":true,"href":"https:\/\/powerofo.sk\/index.php?rest_route=%2Fwp%2Fv2%2Fcomments&post=366"}],"version-history":[{"count":6,"href":"https:\/\/powerofo.sk\/index.php?rest_route=\/wp\/v2\/posts\/366\/revisions"}],"predecessor-version":[{"id":377,"href":"https:\/\/powerofo.sk\/index.php?rest_route=\/wp\/v2\/posts\/366\/revisions\/377"}],"wp:featuredmedia":[{"embeddable":true,"href":"https:\/\/powerofo.sk\/index.php?rest_route=\/wp\/v2\/media\/363"}],"wp:attachment":[{"href":"https:\/\/powerofo.sk\/index.php?rest_route=%2Fwp%2Fv2%2Fmedia&parent=366"}],"wp:term":[{"taxonomy":"category","embeddable":true,"href":"https:\/\/powerofo.sk\/index.php?rest_route=%2Fwp%2Fv2%2Fcategories&post=366"},{"taxonomy":"post_tag","embeddable":true,"href":"https:\/\/powerofo.sk\/index.php?rest_route=%2Fwp%2Fv2%2Ftags&post=366"}],"curies":[{"name":"wp","href":"https:\/\/api.w.org\/{rel}","templated":true}]}}