{"id":412,"date":"2021-07-02T15:23:09","date_gmt":"2021-07-02T13:23:09","guid":{"rendered":"http:\/\/powerofo.sk\/?p=412"},"modified":"2021-07-02T15:39:50","modified_gmt":"2021-07-02T13:39:50","slug":"ms-v-orientacnom-behu-odstartuju-uz-zajtra","status":"publish","type":"post","link":"https:\/\/powerofo.sk\/?p=412","title":{"rendered":"MS v Orienta\u010dnom behu od\u0161tartuj\u00fa u\u017e zajtra"},"content":{"rendered":"\n<p>V dejisku <a href=\"https:\/\/woc2021.cz\/\" target=\"_blank\" rel=\"noreferrer noopener\"><strong>Majstrovstiev sveta v Orienta\u010dnom behu<\/strong><\/a> sa u\u017e od stredy 30.6.2021 nach\u00e1dza aj 10-\u010dlenn\u00e1 slovensk\u00e1 v\u00fdprava. Pod veden\u00edm \u0160tefana \u0160urgana a Mateja Hrabo\u0161a n\u00e1s bude reprezentova\u0165 5 mu\u017eov a 3 \u017eeny. V reprezent\u00e1cii dospel\u00fdch moment\u00e1lne prebieha v\u00fdrazn\u00e1 genera\u010dn\u00e1 obmena. Piati pretek\u00e1ri patria vekom e\u0161te do juniorsk\u00fdch kateg\u00f3ri\u00ed. <br><br><strong>Zlo\u017eenie t\u00edmu:<\/strong><br><strong>Mu\u017ei &#8211; <\/strong>  Adam Jon\u00e1\u0161, Daniel Pompura, Medard F\u00e9der, Pavol Bukovac, Tom\u00e1\u0161 Mu\u0161insk\u00fd<br><strong>\u017deny &#8211;  <\/strong> Tamara Miklu\u0161ov\u00e1, \u013duboslava Weissov\u00e1, Ela Sedilekov\u00e1<\/p>\n\n\n\n<p>Majstrovstv\u00e1 sveta otvoria preteky v \u0161printe 3.7.2021 v zauj\u00edmavej historickej oblasti Pevnosti Terez\u00edn. Doobeda je na programe kvalifik\u00e1cia. Mu\u017ei aj \u017eeny pobe\u017eia v troch kvalifika\u010dn\u00fdch skupin\u00e1ch. Z ka\u017edej post\u00fapi 15 najlep\u0161\u00edch do poobedn\u00e9ho fin\u00e1le v ktorom od\u0161tartuje 45 najlep\u0161\u00edch mu\u017eov a 45 najlep\u0161\u00edch \u017eien do boja o medaile. <br><br><img loading=\"lazy\" decoding=\"async\" width=\"600\" height=\"450\" class=\"wp-image-413\" style=\"width: 600px;\" src=\"http:\/\/powerofo.sk\/wp-content\/uploads\/2021\/07\/Terezin.jpg\" alt=\"\" srcset=\"https:\/\/powerofo.sk\/wp-content\/uploads\/2021\/07\/Terezin.jpg 1925w, https:\/\/powerofo.sk\/wp-content\/uploads\/2021\/07\/Terezin-300x225.jpg 300w, https:\/\/powerofo.sk\/wp-content\/uploads\/2021\/07\/Terezin-1024x768.jpg 1024w, https:\/\/powerofo.sk\/wp-content\/uploads\/2021\/07\/Terezin-768x576.jpg 768w, https:\/\/powerofo.sk\/wp-content\/uploads\/2021\/07\/Terezin-1536x1152.jpg 1536w\" sizes=\"(max-width: 600px) 100vw, 600px\" \/><\/p>\n\n\n\n<p><strong>Program Majstrovstiev sveta:<\/strong><\/p>\n\n\n\n<p><strong>3.7.2021<\/strong>  \u0160print ( kvalifik\u00e1cia + fin\u00e1le )<br><strong>4.7.2021<\/strong>  \u0160printov\u00e9 \u0161tafety<br><strong>6.7.2021  <\/strong>Stredn\u00e1 tra\u0165 ( kvalifik\u00e1cia + fin\u00e1le )<br><strong>8.7.2021  <\/strong>\u0160tafety<br><strong>9.7.2021  <\/strong>Dlh\u00e1 tra\u0165  <\/p>\n\n\n\n<p><strong>\u00da\u010das\u0165 slovensk\u00fdch reprezentantov:<\/strong> <\/p>\n\n\n\n<p><strong>\u0160print<\/strong><br>Mu\u017ei &#8211; Tom\u00e1\u0161 Mu\u0161insk\u00fd, Medard F\u00e9der, Pavol Bukovac<br>\u017deny &#8211; Tamara Miklu\u0161ov\u00e1, Ela Sedilekov\u00e1, \u013duboslava Weissov\u00e1<br><br><strong>\u0160printov\u00e9 \u0161tafety ( zlo\u017eenie M-\u017d-\u017d-M )<\/strong><br>Tamara Miklu\u0161ov\u00e1 &#8211; Pavol Bukovac &#8211; Tom\u00e1\u0161 Mu\u0161insk\u00fd &#8211; Ela Sedilekov\u00e1<br><br><strong>Stredn\u00e1 tra\u0165<\/strong><br>Mu\u017ei &#8211; Adam Jon\u00e1\u0161, Daniel Pompura, Medard F\u00e9der<br>\u017deny &#8211; Tamara Miklu\u0161ov\u00e1, Ela Sedilekov\u00e1, \u013duboslava Weissov\u00e1 <\/p>\n\n\n\n<p><strong>\u0160tafety<\/strong><br>Mu\u017ei &#8211; Pavol Bukovac, Daniel Pompura, Adam Jon\u00e1\u0161<br>\u017deny &#8211; Tamara Miklu\u0161ov\u00e1, \u013duboslava Weissov\u00e1, Ela Sedilekov\u00e1 <br><br><strong>Dlh\u00e1 tra\u0165 <\/strong><br>pr\u00e1vo \u0161tartu m\u00e1 jeden mu\u017e a jedna \u017eena, e\u0161te neur\u010den\u00e9<\/p>\n\n\n\n<p><\/p>\n","protected":false},"excerpt":{"rendered":"<p>V dejisku Majstrovstiev sveta v Orienta\u010dnom behu sa u\u017e od stredy 30.6.2021 nach\u00e1dza aj 10-\u010dlenn\u00e1 slovensk\u00e1 v\u00fdprava. Pod veden\u00edm \u0160tefana \u0160urgana a Mateja Hrabo\u0161a n\u00e1s bude reprezentova\u0165 5 mu\u017eov a 3 \u017eeny. V reprezent\u00e1cii dospel\u00fdch moment\u00e1lne prebieha v\u00fdrazn\u00e1 genera\u010dn\u00e1 obmena. Piati pretek\u00e1ri patria vekom e\u0161te do juniorsk\u00fdch kateg\u00f3ri\u00ed. Zlo\u017eenie t\u00edmu:Mu\u017ei [&hellip;]<\/p>\n","protected":false},"author":1,"featured_media":419,"comment_status":"closed","ping_status":"closed","sticky":false,"template":"","format":"standard","meta":{"_mi_skip_tracking":false,"footnotes":""},"categories":[1],"tags":[],"class_list":["post-412","post","type-post","status-publish","format-standard","has-post-thumbnail","hentry","category-nezaradene"],"yoast_head":"<!-- This site is optimized with the Yoast SEO plugin v19.0 - https:\/\/yoast.com\/wordpress\/plugins\/seo\/ -->\n<title>MS v Orienta\u010dnom behu od\u0161tartuj\u00fa u\u017e zajtra - Power of Orienteering<\/title>\n<meta name=\"robots\" content=\"index, follow, max-snippet:-1, max-image-preview:large, max-video-preview:-1\" \/>\n<link rel=\"canonical\" href=\"https:\/\/powerofo.sk\/?p=412\" \/>\n<meta property=\"og:locale\" content=\"sk_SK\" \/>\n<meta property=\"og:type\" content=\"article\" \/>\n<meta property=\"og:title\" content=\"MS v Orienta\u010dnom behu od\u0161tartuj\u00fa u\u017e zajtra - Power of Orienteering\" \/>\n<meta property=\"og:description\" content=\"V dejisku Majstrovstiev sveta v Orienta\u010dnom behu sa u\u017e od stredy 30.6.2021 nach\u00e1dza aj 10-\u010dlenn\u00e1 slovensk\u00e1 v\u00fdprava. Pod veden\u00edm \u0160tefana \u0160urgana a Mateja Hrabo\u0161a n\u00e1s bude reprezentova\u0165 5 mu\u017eov a 3 \u017eeny. V reprezent\u00e1cii dospel\u00fdch moment\u00e1lne prebieha v\u00fdrazn\u00e1 genera\u010dn\u00e1 obmena. Piati pretek\u00e1ri patria vekom e\u0161te do juniorsk\u00fdch kateg\u00f3ri\u00ed. Zlo\u017eenie t\u00edmu:Mu\u017ei [&hellip;]\" \/>\n<meta property=\"og:url\" content=\"https:\/\/powerofo.sk\/?p=412\" \/>\n<meta property=\"og:site_name\" content=\"Power of Orienteering\" \/>\n<meta property=\"article:published_time\" content=\"2021-07-02T13:23:09+00:00\" \/>\n<meta property=\"article:modified_time\" content=\"2021-07-02T13:39:50+00:00\" \/>\n<meta property=\"og:image\" content=\"https:\/\/powerofo.sk\/wp-content\/uploads\/2021\/07\/Bez-nazvu.jpg\" \/>\n\t<meta property=\"og:image:width\" content=\"448\" \/>\n\t<meta property=\"og:image:height\" content=\"310\" \/>\n\t<meta property=\"og:image:type\" content=\"image\/jpeg\" \/>\n<meta name=\"twitter:card\" content=\"summary_large_image\" \/>\n<meta name=\"twitter:label1\" content=\"Autor:\" \/>\n\t<meta name=\"twitter:data1\" content=\"\u0160urgy\" \/>\n\t<meta name=\"twitter:label2\" content=\"Predpokladan\u00fd \u010das \u010d\u00edtania\" \/>\n\t<meta name=\"twitter:data2\" content=\"2 min\u00faty\" \/>\n<script type=\"application\/ld+json\" class=\"yoast-schema-graph\">{\"@context\":\"https:\/\/schema.org\",\"@graph\":[{\"@type\":\"WebSite\",\"@id\":\"https:\/\/powerofo.sk\/#website\",\"url\":\"https:\/\/powerofo.sk\/\",\"name\":\"Power of Orienteering\",\"description\":\"\",\"potentialAction\":[{\"@type\":\"SearchAction\",\"target\":{\"@type\":\"EntryPoint\",\"urlTemplate\":\"https:\/\/powerofo.sk\/?s={search_term_string}\"},\"query-input\":\"required name=search_term_string\"}],\"inLanguage\":\"sk-SK\"},{\"@type\":\"ImageObject\",\"inLanguage\":\"sk-SK\",\"@id\":\"https:\/\/powerofo.sk\/?p=412#primaryimage\",\"url\":\"https:\/\/powerofo.sk\/wp-content\/uploads\/2021\/07\/Bez-nazvu.jpg\",\"contentUrl\":\"https:\/\/powerofo.sk\/wp-content\/uploads\/2021\/07\/Bez-nazvu.jpg\",\"width\":448,\"height\":310},{\"@type\":\"WebPage\",\"@id\":\"https:\/\/powerofo.sk\/?p=412#webpage\",\"url\":\"https:\/\/powerofo.sk\/?p=412\",\"name\":\"MS v Orienta\u010dnom behu od\u0161tartuj\u00fa u\u017e zajtra - Power of Orienteering\",\"isPartOf\":{\"@id\":\"https:\/\/powerofo.sk\/#website\"},\"primaryImageOfPage\":{\"@id\":\"https:\/\/powerofo.sk\/?p=412#primaryimage\"},\"datePublished\":\"2021-07-02T13:23:09+00:00\",\"dateModified\":\"2021-07-02T13:39:50+00:00\",\"author\":{\"@id\":\"https:\/\/powerofo.sk\/#\/schema\/person\/5dd1412b6ff671542e1ee818586682b6\"},\"breadcrumb\":{\"@id\":\"https:\/\/powerofo.sk\/?p=412#breadcrumb\"},\"inLanguage\":\"sk-SK\",\"potentialAction\":[{\"@type\":\"ReadAction\",\"target\":[\"https:\/\/powerofo.sk\/?p=412\"]}]},{\"@type\":\"BreadcrumbList\",\"@id\":\"https:\/\/powerofo.sk\/?p=412#breadcrumb\",\"itemListElement\":[{\"@type\":\"ListItem\",\"position\":1,\"name\":\"Home\",\"item\":\"https:\/\/powerofo.sk\/\"},{\"@type\":\"ListItem\",\"position\":2,\"name\":\"MS v Orienta\u010dnom behu od\u0161tartuj\u00fa u\u017e zajtra\"}]},{\"@type\":\"Person\",\"@id\":\"https:\/\/powerofo.sk\/#\/schema\/person\/5dd1412b6ff671542e1ee818586682b6\",\"name\":\"\u0160urgy\",\"image\":{\"@type\":\"ImageObject\",\"inLanguage\":\"sk-SK\",\"@id\":\"https:\/\/powerofo.sk\/#\/schema\/person\/image\/\",\"url\":\"https:\/\/secure.gravatar.com\/avatar\/8c84b883153373da396e8aabcf80a279?s=96&d=mm&r=g\",\"contentUrl\":\"https:\/\/secure.gravatar.com\/avatar\/8c84b883153373da396e8aabcf80a279?s=96&d=mm&r=g\",\"caption\":\"\u0160urgy\"},\"sameAs\":[\"http:\/\/powerofo.sk\"],\"url\":\"https:\/\/powerofo.sk\/?author=1\"}]}<\/script>\n<!-- \/ Yoast SEO plugin. -->","yoast_head_json":{"title":"MS v Orienta\u010dnom behu od\u0161tartuj\u00fa u\u017e zajtra - Power of Orienteering","robots":{"index":"index","follow":"follow","max-snippet":"max-snippet:-1","max-image-preview":"max-image-preview:large","max-video-preview":"max-video-preview:-1"},"canonical":"https:\/\/powerofo.sk\/?p=412","og_locale":"sk_SK","og_type":"article","og_title":"MS v Orienta\u010dnom behu od\u0161tartuj\u00fa u\u017e zajtra - Power of Orienteering","og_description":"V dejisku Majstrovstiev sveta v Orienta\u010dnom behu sa u\u017e od stredy 30.6.2021 nach\u00e1dza aj 10-\u010dlenn\u00e1 slovensk\u00e1 v\u00fdprava. Pod veden\u00edm \u0160tefana \u0160urgana a Mateja Hrabo\u0161a n\u00e1s bude reprezentova\u0165 5 mu\u017eov a 3 \u017eeny. V reprezent\u00e1cii dospel\u00fdch moment\u00e1lne prebieha v\u00fdrazn\u00e1 genera\u010dn\u00e1 obmena. Piati pretek\u00e1ri patria vekom e\u0161te do juniorsk\u00fdch kateg\u00f3ri\u00ed. Zlo\u017eenie t\u00edmu:Mu\u017ei [&hellip;]","og_url":"https:\/\/powerofo.sk\/?p=412","og_site_name":"Power of Orienteering","article_published_time":"2021-07-02T13:23:09+00:00","article_modified_time":"2021-07-02T13:39:50+00:00","og_image":[{"width":448,"height":310,"url":"https:\/\/powerofo.sk\/wp-content\/uploads\/2021\/07\/Bez-nazvu.jpg","type":"image\/jpeg"}],"twitter_card":"summary_large_image","twitter_misc":{"Autor:":"\u0160urgy","Predpokladan\u00fd \u010das \u010d\u00edtania":"2 min\u00faty"},"schema":{"@context":"https:\/\/schema.org","@graph":[{"@type":"WebSite","@id":"https:\/\/powerofo.sk\/#website","url":"https:\/\/powerofo.sk\/","name":"Power of Orienteering","description":"","potentialAction":[{"@type":"SearchAction","target":{"@type":"EntryPoint","urlTemplate":"https:\/\/powerofo.sk\/?s={search_term_string}"},"query-input":"required name=search_term_string"}],"inLanguage":"sk-SK"},{"@type":"ImageObject","inLanguage":"sk-SK","@id":"https:\/\/powerofo.sk\/?p=412#primaryimage","url":"https:\/\/powerofo.sk\/wp-content\/uploads\/2021\/07\/Bez-nazvu.jpg","contentUrl":"https:\/\/powerofo.sk\/wp-content\/uploads\/2021\/07\/Bez-nazvu.jpg","width":448,"height":310},{"@type":"WebPage","@id":"https:\/\/powerofo.sk\/?p=412#webpage","url":"https:\/\/powerofo.sk\/?p=412","name":"MS v Orienta\u010dnom behu od\u0161tartuj\u00fa u\u017e zajtra - Power of Orienteering","isPartOf":{"@id":"https:\/\/powerofo.sk\/#website"},"primaryImageOfPage":{"@id":"https:\/\/powerofo.sk\/?p=412#primaryimage"},"datePublished":"2021-07-02T13:23:09+00:00","dateModified":"2021-07-02T13:39:50+00:00","author":{"@id":"https:\/\/powerofo.sk\/#\/schema\/person\/5dd1412b6ff671542e1ee818586682b6"},"breadcrumb":{"@id":"https:\/\/powerofo.sk\/?p=412#breadcrumb"},"inLanguage":"sk-SK","potentialAction":[{"@type":"ReadAction","target":["https:\/\/powerofo.sk\/?p=412"]}]},{"@type":"BreadcrumbList","@id":"https:\/\/powerofo.sk\/?p=412#breadcrumb","itemListElement":[{"@type":"ListItem","position":1,"name":"Home","item":"https:\/\/powerofo.sk\/"},{"@type":"ListItem","position":2,"name":"MS v Orienta\u010dnom behu od\u0161tartuj\u00fa u\u017e zajtra"}]},{"@type":"Person","@id":"https:\/\/powerofo.sk\/#\/schema\/person\/5dd1412b6ff671542e1ee818586682b6","name":"\u0160urgy","image":{"@type":"ImageObject","inLanguage":"sk-SK","@id":"https:\/\/powerofo.sk\/#\/schema\/person\/image\/","url":"https:\/\/secure.gravatar.com\/avatar\/8c84b883153373da396e8aabcf80a279?s=96&d=mm&r=g","contentUrl":"https:\/\/secure.gravatar.com\/avatar\/8c84b883153373da396e8aabcf80a279?s=96&d=mm&r=g","caption":"\u0160urgy"},"sameAs":["http:\/\/powerofo.sk"],"url":"https:\/\/powerofo.sk\/?author=1"}]}},"_links":{"self":[{"href":"https:\/\/powerofo.sk\/index.php?rest_route=\/wp\/v2\/posts\/412"}],"collection":[{"href":"https:\/\/powerofo.sk\/index.php?rest_route=\/wp\/v2\/posts"}],"about":[{"href":"https:\/\/powerofo.sk\/index.php?rest_route=\/wp\/v2\/types\/post"}],"author":[{"embeddable":true,"href":"https:\/\/powerofo.sk\/index.php?rest_route=\/wp\/v2\/users\/1"}],"replies":[{"embeddable":true,"href":"https:\/\/powerofo.sk\/index.php?rest_route=%2Fwp%2Fv2%2Fcomments&post=412"}],"version-history":[{"count":3,"href":"https:\/\/powerofo.sk\/index.php?rest_route=\/wp\/v2\/posts\/412\/revisions"}],"predecessor-version":[{"id":420,"href":"https:\/\/powerofo.sk\/index.php?rest_route=\/wp\/v2\/posts\/412\/revisions\/420"}],"wp:featuredmedia":[{"embeddable":true,"href":"https:\/\/powerofo.sk\/index.php?rest_route=\/wp\/v2\/media\/419"}],"wp:attachment":[{"href":"https:\/\/powerofo.sk\/index.php?rest_route=%2Fwp%2Fv2%2Fmedia&parent=412"}],"wp:term":[{"taxonomy":"category","embeddable":true,"href":"https:\/\/powerofo.sk\/index.php?rest_route=%2Fwp%2Fv2%2Fcategories&post=412"},{"taxonomy":"post_tag","embeddable":true,"href":"https:\/\/powerofo.sk\/index.php?rest_route=%2Fwp%2Fv2%2Ftags&post=412"}],"curies":[{"name":"wp","href":"https:\/\/api.w.org\/{rel}","templated":true}]}}