{"id":435,"date":"2021-09-08T17:15:38","date_gmt":"2021-09-08T15:15:38","guid":{"rendered":"http:\/\/powerofo.sk\/?p=435"},"modified":"2021-09-08T17:16:48","modified_gmt":"2021-09-08T15:16:48","slug":"daniel-pompura-10-vo-finale-na-strednej-trati","status":"publish","type":"post","link":"https:\/\/powerofo.sk\/?p=435","title":{"rendered":"Daniel Pompura 10. vo fin\u00e1le na Strednej trati"},"content":{"rendered":"\n<p>Majstrovstv\u00e1ch sveta juniorov v Orienta\u010dnom behu v Tureckom Kocaeli maj\u00fa za sebou \u00favodn\u00e9 dve fin\u00e1lov\u00e9 discipl\u00edny. Preteky v \u0161printe a na strednej trati. Najlep\u0161ie umiestnenie z na\u0161ich pretek\u00e1rov dosiahol Daniel Pompura, ke\u010f po ve\u013emi dobrom v\u00fdkone vo fin\u00e1le na Strednej trati obsadil skvel\u00e9 10. miesto.<\/p>\n\n\n\n<p><img loading=\"lazy\" decoding=\"async\" width=\"900\" height=\"598\" class=\"wp-image-439\" style=\"width: 900px;\" src=\"http:\/\/powerofo.sk\/wp-content\/uploads\/2021\/09\/Danko2-scaled.jpg\" alt=\"\" srcset=\"https:\/\/powerofo.sk\/wp-content\/uploads\/2021\/09\/Danko2-scaled.jpg 2560w, https:\/\/powerofo.sk\/wp-content\/uploads\/2021\/09\/Danko2-300x199.jpg 300w, https:\/\/powerofo.sk\/wp-content\/uploads\/2021\/09\/Danko2-1024x680.jpg 1024w, https:\/\/powerofo.sk\/wp-content\/uploads\/2021\/09\/Danko2-768x510.jpg 768w, https:\/\/powerofo.sk\/wp-content\/uploads\/2021\/09\/Danko2-1536x1020.jpg 1536w, https:\/\/powerofo.sk\/wp-content\/uploads\/2021\/09\/Danko2-2048x1360.jpg 2048w, https:\/\/powerofo.sk\/wp-content\/uploads\/2021\/09\/Danko2-360x240.jpg 360w\" sizes=\"(max-width: 900px) 100vw, 900px\" \/><br><br>Na strednej trati dobre be\u017eal aj Adam Jon\u00e1\u0161. Obsadil ve\u013emi slu\u0161n\u00e9 29. miesto. Na\u0161i \u010fal\u0161\u00ed\u00a0 dvaja pretek\u00e1ri v A-fin\u00e1le Medard F\u00e9der\u00a0 a Martih Roh\u00e1\u010d\u00a0 skon\u010dili na 46. a 47. mieste. Nikto z tejto trojice v\u0161ak nebol so svoj\u00edm v\u00fdkonom spokojn\u00fd nako\u013eko sa na trati nevyhli z\u00e1sadn\u00fdm chyb\u00e1m. Pozit\u00edvna je v\u0161ak ich moment\u00e1lna fyzick\u00e1 forma a vedomie, \u017ee pri ide\u00e1lnom mapovom v\u00fdkone m\u00f4\u017eu pom\u00fd\u0161\u013ea\u0165 na ove\u013ea lep\u0161ie umiestnenia v \u010fal\u0161\u00edch pretekoch.<br><br><img loading=\"lazy\" decoding=\"async\" width=\"900\" height=\"598\" class=\"wp-image-440\" style=\"width: 900px;\" src=\"http:\/\/powerofo.sk\/wp-content\/uploads\/2021\/09\/Adam-scaled.jpg\" alt=\"\" srcset=\"https:\/\/powerofo.sk\/wp-content\/uploads\/2021\/09\/Adam-scaled.jpg 2560w, https:\/\/powerofo.sk\/wp-content\/uploads\/2021\/09\/Adam-300x199.jpg 300w, https:\/\/powerofo.sk\/wp-content\/uploads\/2021\/09\/Adam-1024x680.jpg 1024w, https:\/\/powerofo.sk\/wp-content\/uploads\/2021\/09\/Adam-768x510.jpg 768w, https:\/\/powerofo.sk\/wp-content\/uploads\/2021\/09\/Adam-1536x1020.jpg 1536w, https:\/\/powerofo.sk\/wp-content\/uploads\/2021\/09\/Adam-2048x1360.jpg 2048w, https:\/\/powerofo.sk\/wp-content\/uploads\/2021\/09\/Adam-360x240.jpg 360w\" sizes=\"(max-width: 900px) 100vw, 900px\" \/><br><br>V \u0161printe dosiahol najlep\u0161\u00ed v\u00fdsledok Medard F\u00e9der na 25. mieste. Za zmienku ur\u010dite stoj\u00ed aj 47. miesto vekom e\u0161te dorastenca Martina Roh\u00e1\u010da, a 46. miesto \u013duboslavy Weissovej ktor\u00e9 je zatia\u013e na\u0161im najlep\u0161\u00edm d\u00e1mskym umiestnen\u00edm na tomto \u0161ampion\u00e1te.<br><br><img loading=\"lazy\" decoding=\"async\" width=\"900\" height=\"598\" class=\"wp-image-443\" style=\"width: 900px;\" src=\"http:\/\/powerofo.sk\/wp-content\/uploads\/2021\/09\/Medo-scaled.jpg\" alt=\"\" srcset=\"https:\/\/powerofo.sk\/wp-content\/uploads\/2021\/09\/Medo-scaled.jpg 2560w, https:\/\/powerofo.sk\/wp-content\/uploads\/2021\/09\/Medo-300x199.jpg 300w, https:\/\/powerofo.sk\/wp-content\/uploads\/2021\/09\/Medo-1024x680.jpg 1024w, https:\/\/powerofo.sk\/wp-content\/uploads\/2021\/09\/Medo-768x510.jpg 768w, https:\/\/powerofo.sk\/wp-content\/uploads\/2021\/09\/Medo-1536x1020.jpg 1536w, https:\/\/powerofo.sk\/wp-content\/uploads\/2021\/09\/Medo-2048x1360.jpg 2048w, https:\/\/powerofo.sk\/wp-content\/uploads\/2021\/09\/Medo-360x240.jpg 360w\" sizes=\"(max-width: 900px) 100vw, 900px\" \/><br><br>Ostatn\u00ed zatia\u013e nena\u0161li v n\u00e1ro\u010dn\u00fdch tureck\u00fdch ter\u00e9noch kde o chyby nie je n\u00fadza &#8222;ide\u00e1lnu be\u017eeck\u00fa stopu.&#8220; \u0160ancu vylep\u0161i\u0165 svoje doteraj\u0161ie v\u00fdkony v\u0161ak dostan\u00fa u\u017e zajtra v pretekoch na dlhej trati a tie\u017e v piatkov\u00fdch pretekoch \u0161tafiet. V t\u00edme panuje pohodov\u00e1 atmosf\u00e9ra, v\u0161etci s\u00fa zdrav\u00ed a hlavne, ako uk\u00e1zal dne\u0161n\u00fd povinn\u00fd antig\u00e9nov\u00fd test aj negat\u00edvni, a tak ni\u010d nebr\u00e1ni tomu aby do bojov o \u010fal\u0161ie sady medail\u00ed mohli nast\u00fapi\u0165 v plnej sile a pobili sa o \u010do najlep\u0161ie v\u00fdsledky.<br><br>V\u0161etky inform\u00e1cie a v\u00fdsledky n\u00e1jdete na <strong><a href=\"http:\/\/www.jwoc2020.org\/\" target=\"_blank\" rel=\"noreferrer noopener\">webov\u00fdch str\u00e1nkach<\/a><\/strong> pretekov.<\/p>\n","protected":false},"excerpt":{"rendered":"<p>Majstrovstv\u00e1ch sveta juniorov v Orienta\u010dnom behu v Tureckom Kocaeli maj\u00fa za sebou \u00favodn\u00e9 dve fin\u00e1lov\u00e9 discipl\u00edny. Preteky v \u0161printe a na strednej trati. Najlep\u0161ie umiestnenie z na\u0161ich pretek\u00e1rov dosiahol Daniel Pompura, ke\u010f po ve\u013emi dobrom v\u00fdkone vo fin\u00e1le na Strednej trati obsadil skvel\u00e9 10. miesto. Na strednej trati dobre be\u017eal [&hellip;]<\/p>\n","protected":false},"author":1,"featured_media":439,"comment_status":"closed","ping_status":"closed","sticky":false,"template":"","format":"standard","meta":{"_mi_skip_tracking":false,"footnotes":""},"categories":[1],"tags":[],"class_list":["post-435","post","type-post","status-publish","format-standard","has-post-thumbnail","hentry","category-nezaradene"],"yoast_head":"<!-- This site is optimized with the Yoast SEO plugin v19.0 - https:\/\/yoast.com\/wordpress\/plugins\/seo\/ -->\n<title>Daniel Pompura 10. vo fin\u00e1le na Strednej trati - Power of Orienteering<\/title>\n<meta name=\"robots\" content=\"index, follow, max-snippet:-1, max-image-preview:large, max-video-preview:-1\" \/>\n<link rel=\"canonical\" href=\"https:\/\/powerofo.sk\/?p=435\" \/>\n<meta property=\"og:locale\" content=\"sk_SK\" \/>\n<meta property=\"og:type\" content=\"article\" \/>\n<meta property=\"og:title\" content=\"Daniel Pompura 10. vo fin\u00e1le na Strednej trati - Power of Orienteering\" \/>\n<meta property=\"og:description\" content=\"Majstrovstv\u00e1ch sveta juniorov v Orienta\u010dnom behu v Tureckom Kocaeli maj\u00fa za sebou \u00favodn\u00e9 dve fin\u00e1lov\u00e9 discipl\u00edny. Preteky v \u0161printe a na strednej trati. Najlep\u0161ie umiestnenie z na\u0161ich pretek\u00e1rov dosiahol Daniel Pompura, ke\u010f po ve\u013emi dobrom v\u00fdkone vo fin\u00e1le na Strednej trati obsadil skvel\u00e9 10. miesto. Na strednej trati dobre be\u017eal [&hellip;]\" \/>\n<meta property=\"og:url\" content=\"https:\/\/powerofo.sk\/?p=435\" \/>\n<meta property=\"og:site_name\" content=\"Power of Orienteering\" \/>\n<meta property=\"article:published_time\" content=\"2021-09-08T15:15:38+00:00\" \/>\n<meta property=\"article:modified_time\" content=\"2021-09-08T15:16:48+00:00\" \/>\n<meta property=\"og:image\" content=\"https:\/\/powerofo.sk\/wp-content\/uploads\/2021\/09\/Danko2-scaled.jpg\" \/>\n\t<meta property=\"og:image:width\" content=\"2560\" \/>\n\t<meta property=\"og:image:height\" content=\"1700\" \/>\n\t<meta property=\"og:image:type\" content=\"image\/jpeg\" \/>\n<meta name=\"twitter:card\" content=\"summary_large_image\" \/>\n<meta name=\"twitter:label1\" content=\"Autor:\" \/>\n\t<meta name=\"twitter:data1\" content=\"\u0160urgy\" \/>\n\t<meta name=\"twitter:label2\" content=\"Predpokladan\u00fd \u010das \u010d\u00edtania\" \/>\n\t<meta name=\"twitter:data2\" content=\"2 min\u00faty\" \/>\n<script type=\"application\/ld+json\" class=\"yoast-schema-graph\">{\"@context\":\"https:\/\/schema.org\",\"@graph\":[{\"@type\":\"WebSite\",\"@id\":\"https:\/\/powerofo.sk\/#website\",\"url\":\"https:\/\/powerofo.sk\/\",\"name\":\"Power of Orienteering\",\"description\":\"\",\"potentialAction\":[{\"@type\":\"SearchAction\",\"target\":{\"@type\":\"EntryPoint\",\"urlTemplate\":\"https:\/\/powerofo.sk\/?s={search_term_string}\"},\"query-input\":\"required name=search_term_string\"}],\"inLanguage\":\"sk-SK\"},{\"@type\":\"ImageObject\",\"inLanguage\":\"sk-SK\",\"@id\":\"https:\/\/powerofo.sk\/?p=435#primaryimage\",\"url\":\"https:\/\/powerofo.sk\/wp-content\/uploads\/2021\/09\/Danko2-scaled.jpg\",\"contentUrl\":\"https:\/\/powerofo.sk\/wp-content\/uploads\/2021\/09\/Danko2-scaled.jpg\",\"width\":2560,\"height\":1700},{\"@type\":\"WebPage\",\"@id\":\"https:\/\/powerofo.sk\/?p=435#webpage\",\"url\":\"https:\/\/powerofo.sk\/?p=435\",\"name\":\"Daniel Pompura 10. vo fin\u00e1le na Strednej trati - Power of Orienteering\",\"isPartOf\":{\"@id\":\"https:\/\/powerofo.sk\/#website\"},\"primaryImageOfPage\":{\"@id\":\"https:\/\/powerofo.sk\/?p=435#primaryimage\"},\"datePublished\":\"2021-09-08T15:15:38+00:00\",\"dateModified\":\"2021-09-08T15:16:48+00:00\",\"author\":{\"@id\":\"https:\/\/powerofo.sk\/#\/schema\/person\/5dd1412b6ff671542e1ee818586682b6\"},\"breadcrumb\":{\"@id\":\"https:\/\/powerofo.sk\/?p=435#breadcrumb\"},\"inLanguage\":\"sk-SK\",\"potentialAction\":[{\"@type\":\"ReadAction\",\"target\":[\"https:\/\/powerofo.sk\/?p=435\"]}]},{\"@type\":\"BreadcrumbList\",\"@id\":\"https:\/\/powerofo.sk\/?p=435#breadcrumb\",\"itemListElement\":[{\"@type\":\"ListItem\",\"position\":1,\"name\":\"Home\",\"item\":\"https:\/\/powerofo.sk\/\"},{\"@type\":\"ListItem\",\"position\":2,\"name\":\"Daniel Pompura 10. vo fin\u00e1le na Strednej trati\"}]},{\"@type\":\"Person\",\"@id\":\"https:\/\/powerofo.sk\/#\/schema\/person\/5dd1412b6ff671542e1ee818586682b6\",\"name\":\"\u0160urgy\",\"image\":{\"@type\":\"ImageObject\",\"inLanguage\":\"sk-SK\",\"@id\":\"https:\/\/powerofo.sk\/#\/schema\/person\/image\/\",\"url\":\"https:\/\/secure.gravatar.com\/avatar\/8c84b883153373da396e8aabcf80a279?s=96&d=mm&r=g\",\"contentUrl\":\"https:\/\/secure.gravatar.com\/avatar\/8c84b883153373da396e8aabcf80a279?s=96&d=mm&r=g\",\"caption\":\"\u0160urgy\"},\"sameAs\":[\"http:\/\/powerofo.sk\"],\"url\":\"https:\/\/powerofo.sk\/?author=1\"}]}<\/script>\n<!-- \/ Yoast SEO plugin. -->","yoast_head_json":{"title":"Daniel Pompura 10. vo fin\u00e1le na Strednej trati - Power of Orienteering","robots":{"index":"index","follow":"follow","max-snippet":"max-snippet:-1","max-image-preview":"max-image-preview:large","max-video-preview":"max-video-preview:-1"},"canonical":"https:\/\/powerofo.sk\/?p=435","og_locale":"sk_SK","og_type":"article","og_title":"Daniel Pompura 10. vo fin\u00e1le na Strednej trati - Power of Orienteering","og_description":"Majstrovstv\u00e1ch sveta juniorov v Orienta\u010dnom behu v Tureckom Kocaeli maj\u00fa za sebou \u00favodn\u00e9 dve fin\u00e1lov\u00e9 discipl\u00edny. Preteky v \u0161printe a na strednej trati. Najlep\u0161ie umiestnenie z na\u0161ich pretek\u00e1rov dosiahol Daniel Pompura, ke\u010f po ve\u013emi dobrom v\u00fdkone vo fin\u00e1le na Strednej trati obsadil skvel\u00e9 10. miesto. Na strednej trati dobre be\u017eal [&hellip;]","og_url":"https:\/\/powerofo.sk\/?p=435","og_site_name":"Power of Orienteering","article_published_time":"2021-09-08T15:15:38+00:00","article_modified_time":"2021-09-08T15:16:48+00:00","og_image":[{"width":2560,"height":1700,"url":"https:\/\/powerofo.sk\/wp-content\/uploads\/2021\/09\/Danko2-scaled.jpg","type":"image\/jpeg"}],"twitter_card":"summary_large_image","twitter_misc":{"Autor:":"\u0160urgy","Predpokladan\u00fd \u010das \u010d\u00edtania":"2 min\u00faty"},"schema":{"@context":"https:\/\/schema.org","@graph":[{"@type":"WebSite","@id":"https:\/\/powerofo.sk\/#website","url":"https:\/\/powerofo.sk\/","name":"Power of Orienteering","description":"","potentialAction":[{"@type":"SearchAction","target":{"@type":"EntryPoint","urlTemplate":"https:\/\/powerofo.sk\/?s={search_term_string}"},"query-input":"required name=search_term_string"}],"inLanguage":"sk-SK"},{"@type":"ImageObject","inLanguage":"sk-SK","@id":"https:\/\/powerofo.sk\/?p=435#primaryimage","url":"https:\/\/powerofo.sk\/wp-content\/uploads\/2021\/09\/Danko2-scaled.jpg","contentUrl":"https:\/\/powerofo.sk\/wp-content\/uploads\/2021\/09\/Danko2-scaled.jpg","width":2560,"height":1700},{"@type":"WebPage","@id":"https:\/\/powerofo.sk\/?p=435#webpage","url":"https:\/\/powerofo.sk\/?p=435","name":"Daniel Pompura 10. vo fin\u00e1le na Strednej trati - Power of Orienteering","isPartOf":{"@id":"https:\/\/powerofo.sk\/#website"},"primaryImageOfPage":{"@id":"https:\/\/powerofo.sk\/?p=435#primaryimage"},"datePublished":"2021-09-08T15:15:38+00:00","dateModified":"2021-09-08T15:16:48+00:00","author":{"@id":"https:\/\/powerofo.sk\/#\/schema\/person\/5dd1412b6ff671542e1ee818586682b6"},"breadcrumb":{"@id":"https:\/\/powerofo.sk\/?p=435#breadcrumb"},"inLanguage":"sk-SK","potentialAction":[{"@type":"ReadAction","target":["https:\/\/powerofo.sk\/?p=435"]}]},{"@type":"BreadcrumbList","@id":"https:\/\/powerofo.sk\/?p=435#breadcrumb","itemListElement":[{"@type":"ListItem","position":1,"name":"Home","item":"https:\/\/powerofo.sk\/"},{"@type":"ListItem","position":2,"name":"Daniel Pompura 10. vo fin\u00e1le na Strednej trati"}]},{"@type":"Person","@id":"https:\/\/powerofo.sk\/#\/schema\/person\/5dd1412b6ff671542e1ee818586682b6","name":"\u0160urgy","image":{"@type":"ImageObject","inLanguage":"sk-SK","@id":"https:\/\/powerofo.sk\/#\/schema\/person\/image\/","url":"https:\/\/secure.gravatar.com\/avatar\/8c84b883153373da396e8aabcf80a279?s=96&d=mm&r=g","contentUrl":"https:\/\/secure.gravatar.com\/avatar\/8c84b883153373da396e8aabcf80a279?s=96&d=mm&r=g","caption":"\u0160urgy"},"sameAs":["http:\/\/powerofo.sk"],"url":"https:\/\/powerofo.sk\/?author=1"}]}},"_links":{"self":[{"href":"https:\/\/powerofo.sk\/index.php?rest_route=\/wp\/v2\/posts\/435"}],"collection":[{"href":"https:\/\/powerofo.sk\/index.php?rest_route=\/wp\/v2\/posts"}],"about":[{"href":"https:\/\/powerofo.sk\/index.php?rest_route=\/wp\/v2\/types\/post"}],"author":[{"embeddable":true,"href":"https:\/\/powerofo.sk\/index.php?rest_route=\/wp\/v2\/users\/1"}],"replies":[{"embeddable":true,"href":"https:\/\/powerofo.sk\/index.php?rest_route=%2Fwp%2Fv2%2Fcomments&post=435"}],"version-history":[{"count":4,"href":"https:\/\/powerofo.sk\/index.php?rest_route=\/wp\/v2\/posts\/435\/revisions"}],"predecessor-version":[{"id":444,"href":"https:\/\/powerofo.sk\/index.php?rest_route=\/wp\/v2\/posts\/435\/revisions\/444"}],"wp:featuredmedia":[{"embeddable":true,"href":"https:\/\/powerofo.sk\/index.php?rest_route=\/wp\/v2\/media\/439"}],"wp:attachment":[{"href":"https:\/\/powerofo.sk\/index.php?rest_route=%2Fwp%2Fv2%2Fmedia&parent=435"}],"wp:term":[{"taxonomy":"category","embeddable":true,"href":"https:\/\/powerofo.sk\/index.php?rest_route=%2Fwp%2Fv2%2Fcategories&post=435"},{"taxonomy":"post_tag","embeddable":true,"href":"https:\/\/powerofo.sk\/index.php?rest_route=%2Fwp%2Fv2%2Ftags&post=435"}],"curies":[{"name":"wp","href":"https:\/\/api.w.org\/{rel}","templated":true}]}}