{"id":447,"date":"2021-09-14T16:44:56","date_gmt":"2021-09-14T14:44:56","guid":{"rendered":"http:\/\/powerofo.sk\/?p=447"},"modified":"2021-09-14T16:55:22","modified_gmt":"2021-09-14T14:55:22","slug":"stafeta-juniorov-na-vybornom-8-mieste","status":"publish","type":"post","link":"https:\/\/powerofo.sk\/?p=447","title":{"rendered":"\u0160tafeta juniorov na v\u00fdbornom 8. mieste"},"content":{"rendered":"\n<p>Juniorsk\u00fd svetov\u00fd \u0161ampion\u00e1t v tureckom Kocaeli ukon\u010dili preteky \u0161tafiet. Skvel\u00fd v\u00fdkon podali na\u0161i juniori v zlo\u017een\u00ed Daniel Pompura, Medard F\u00e9der a Adam Jon\u00e1\u0161. Skon\u010dili na v\u00fdbornom 8. mieste.<br><br><img loading=\"lazy\" decoding=\"async\" width=\"900\" height=\"675\" class=\"wp-image-453\" style=\"width: 900px;\" src=\"http:\/\/powerofo.sk\/wp-content\/uploads\/2021\/09\/stafeta.jpg\" alt=\"\" srcset=\"https:\/\/powerofo.sk\/wp-content\/uploads\/2021\/09\/stafeta.jpg 2048w, https:\/\/powerofo.sk\/wp-content\/uploads\/2021\/09\/stafeta-300x225.jpg 300w, https:\/\/powerofo.sk\/wp-content\/uploads\/2021\/09\/stafeta-1024x768.jpg 1024w, https:\/\/powerofo.sk\/wp-content\/uploads\/2021\/09\/stafeta-768x576.jpg 768w, https:\/\/powerofo.sk\/wp-content\/uploads\/2021\/09\/stafeta-1536x1152.jpg 1536w\" sizes=\"(max-width: 900px) 100vw, 900px\" \/><br><br>Na prvom \u00faseku ve\u013emi slu\u0161ne rozbehol preteky Daniel. V \u00favode s\u00edce za\u010dal mo\u017eno a\u017e moc opatrne a stratil  kontakt na \u010delo pretekov, ale vyrovnan\u00fdm v\u00fdkonom sa postupne pribli\u017eoval hlavn\u00e9mu bal\u00edku a druh\u00e9mu \u00faseku odovzd\u00e1val \u0161tafetu na 12. mieste so stratou pribli\u017ene jeden a pol min\u00faty na tretie miesto, a v kontakte na doh\u013ead v\u00e4\u010d\u0161ieho bal\u00edka \u0161tafiet na 6. a\u017e 11. mieste. <br><br><img loading=\"lazy\" decoding=\"async\" width=\"900\" height=\"598\" class=\"wp-image-455\" style=\"width: 900px;\" src=\"http:\/\/powerofo.sk\/wp-content\/uploads\/2021\/09\/Danko_stafeta-scaled.jpg\" alt=\"\" srcset=\"https:\/\/powerofo.sk\/wp-content\/uploads\/2021\/09\/Danko_stafeta-scaled.jpg 2560w, https:\/\/powerofo.sk\/wp-content\/uploads\/2021\/09\/Danko_stafeta-300x199.jpg 300w, https:\/\/powerofo.sk\/wp-content\/uploads\/2021\/09\/Danko_stafeta-1024x680.jpg 1024w, https:\/\/powerofo.sk\/wp-content\/uploads\/2021\/09\/Danko_stafeta-768x510.jpg 768w, https:\/\/powerofo.sk\/wp-content\/uploads\/2021\/09\/Danko_stafeta-1536x1020.jpg 1536w, https:\/\/powerofo.sk\/wp-content\/uploads\/2021\/09\/Danko_stafeta-2048x1360.jpg 2048w, https:\/\/powerofo.sk\/wp-content\/uploads\/2021\/09\/Danko_stafeta-360x240.jpg 360w\" sizes=\"(max-width: 900px) 100vw, 900px\" \/><br><br>Preteky boli ve\u013emi r\u00fdchle a vyrovnan\u00e9 aj na druhom \u00faseku. Medo napriek bezchybn\u00e9mu v\u00fdkonu odovzd\u00e1val \u0161tafetu Adamovi na rovnakom 12. mieste ako vybiehal. Ale podarilo sa mu dosta\u0165 do e\u0161te bli\u017e\u0161ieho kontaktu so \u0161tafetami pred n\u00edm. <br><br><img loading=\"lazy\" decoding=\"async\" width=\"900\" height=\"598\" class=\"wp-image-456\" style=\"width: 900px;\" src=\"http:\/\/powerofo.sk\/wp-content\/uploads\/2021\/09\/Medo-1-scaled.jpg\" alt=\"\" srcset=\"https:\/\/powerofo.sk\/wp-content\/uploads\/2021\/09\/Medo-1-scaled.jpg 2560w, https:\/\/powerofo.sk\/wp-content\/uploads\/2021\/09\/Medo-1-300x199.jpg 300w, https:\/\/powerofo.sk\/wp-content\/uploads\/2021\/09\/Medo-1-1024x680.jpg 1024w, https:\/\/powerofo.sk\/wp-content\/uploads\/2021\/09\/Medo-1-768x510.jpg 768w, https:\/\/powerofo.sk\/wp-content\/uploads\/2021\/09\/Medo-1-1536x1020.jpg 1536w, https:\/\/powerofo.sk\/wp-content\/uploads\/2021\/09\/Medo-1-2048x1360.jpg 2048w, https:\/\/powerofo.sk\/wp-content\/uploads\/2021\/09\/Medo-1-360x240.jpg 360w\" sizes=\"(max-width: 900px) 100vw, 900px\" \/><br><br>Na tre\u0165om \u00faseku sa za\u010dala prejavova\u0165 nervozita z ktorej pramenili chyby nieko\u013ek\u00fdch \u0161tafiet. Z toho vy\u0165a\u017eil Adam a na verejnom \u00faseku prebiehal na 8. mieste v tesnom kontakte za d\u00e1nskou a \u010deskou \u0161tafetou. Po tr\u00e9ningov\u00fdch v\u00fdpadkoch kv\u00f4li zraneniu \u010dlenka a presilen\u00fdch v\u00e4zoch v kolene po\u010das j\u00fana a j\u00fala sme bohu\u017eia\u013e v z\u00e1vere\u010dnom okruhu nemali mo\u017enos\u0165 vidie\u0165 Adama v jeho najv\u00e4\u010d\u0161ej sile ako ho be\u017ene pozn\u00e1me a \u0161tafetu dotiahol do cie\u013ea na rovnakej 8. prie\u010dke ako pri prebehu verejn\u00fdm \u00fasekom.     <br><br><img loading=\"lazy\" decoding=\"async\" width=\"900\" height=\"598\" class=\"wp-image-459\" style=\"width: 900px;\" src=\"http:\/\/powerofo.sk\/wp-content\/uploads\/2021\/09\/Adam-1-scaled.jpg\" alt=\"\" srcset=\"https:\/\/powerofo.sk\/wp-content\/uploads\/2021\/09\/Adam-1-scaled.jpg 2560w, https:\/\/powerofo.sk\/wp-content\/uploads\/2021\/09\/Adam-1-300x199.jpg 300w, https:\/\/powerofo.sk\/wp-content\/uploads\/2021\/09\/Adam-1-1024x680.jpg 1024w, https:\/\/powerofo.sk\/wp-content\/uploads\/2021\/09\/Adam-1-768x510.jpg 768w, https:\/\/powerofo.sk\/wp-content\/uploads\/2021\/09\/Adam-1-1536x1020.jpg 1536w, https:\/\/powerofo.sk\/wp-content\/uploads\/2021\/09\/Adam-1-2048x1360.jpg 2048w, https:\/\/powerofo.sk\/wp-content\/uploads\/2021\/09\/Adam-1-360x240.jpg 360w\" sizes=\"(max-width: 900px) 100vw, 900px\" \/><br><br>Druh\u00e1 \u0161tafeta be\u017eala v zlo\u017een\u00ed Martin Roh\u00e1\u010d, Martin Knor a Maximili\u00e1n Kub\u00edk. V\u00fdborne ju rozbehol Martin Roh\u00e1\u010d ktor\u00fd si dok\u00e1zal udr\u017ea\u0165 na doh\u013ead hlavn\u00fd bal\u00edk a dobehol necel\u00fa min\u00fatu za na\u0161ou prvou \u0161tafetou na priebe\u017enom 17. mieste. Po druhom \u00faseku bola \u0161tafeta na 22. a v cieli na kone\u010dnom 28. mieste. <br><br><img loading=\"lazy\" decoding=\"async\" width=\"900\" height=\"610\" class=\"wp-image-464\" style=\"width: 900px;\" src=\"http:\/\/powerofo.sk\/wp-content\/uploads\/2021\/09\/stafety-mapa.jpg\" alt=\"\" srcset=\"https:\/\/powerofo.sk\/wp-content\/uploads\/2021\/09\/stafety-mapa.jpg 1156w, https:\/\/powerofo.sk\/wp-content\/uploads\/2021\/09\/stafety-mapa-300x203.jpg 300w, https:\/\/powerofo.sk\/wp-content\/uploads\/2021\/09\/stafety-mapa-1024x694.jpg 1024w, https:\/\/powerofo.sk\/wp-content\/uploads\/2021\/09\/stafety-mapa-768x521.jpg 768w\" sizes=\"(max-width: 900px) 100vw, 900px\" \/><br><br>\u0160tafeta junioriek nebola \u00fapln\u00e1, nako\u013eko Tamara Miklu\u0161ov\u00e1 mala tesne pred odjazdom pozit\u00edvny PCR test a nemohla na \u0161ampion\u00e1t odcestova\u0165. \u010co bola ve\u013ek\u00e1 \u0161koda preto\u017ee mala v tejto sez\u00f3ne ve\u013emi dobr\u00fa formu. Diev\u010dat\u00e1 \u0161tartovali mimo s\u00fa\u0165a\u017e v mix \u0161tafete. Na\u0161e pretek\u00e1rky be\u017eali na prv\u00fdch dvoch \u00fasekoch v porad\u00ed \u013duboslava Weissov\u00e1 a Vikt\u00f3ria Kostercov\u00e1. Na tre\u0165om \u00faseku doplnila \u0161tafetu \u0161panielska pretek\u00e1rka. <br><br><img loading=\"lazy\" decoding=\"async\" width=\"900\" height=\"598\" class=\"wp-image-461\" style=\"width: 900px;\" src=\"http:\/\/powerofo.sk\/wp-content\/uploads\/2021\/09\/baby-scaled.jpg\" alt=\"\" srcset=\"https:\/\/powerofo.sk\/wp-content\/uploads\/2021\/09\/baby-scaled.jpg 2560w, https:\/\/powerofo.sk\/wp-content\/uploads\/2021\/09\/baby-300x199.jpg 300w, https:\/\/powerofo.sk\/wp-content\/uploads\/2021\/09\/baby-1024x680.jpg 1024w, https:\/\/powerofo.sk\/wp-content\/uploads\/2021\/09\/baby-768x510.jpg 768w, https:\/\/powerofo.sk\/wp-content\/uploads\/2021\/09\/baby-1536x1020.jpg 1536w, https:\/\/powerofo.sk\/wp-content\/uploads\/2021\/09\/baby-2048x1360.jpg 2048w, https:\/\/powerofo.sk\/wp-content\/uploads\/2021\/09\/baby-360x240.jpg 360w\" sizes=\"(max-width: 900px) 100vw, 900px\" \/><\/p>\n\n\n\n<p><\/p>\n","protected":false},"excerpt":{"rendered":"<p>Juniorsk\u00fd svetov\u00fd \u0161ampion\u00e1t v tureckom Kocaeli ukon\u010dili preteky \u0161tafiet. Skvel\u00fd v\u00fdkon podali na\u0161i juniori v zlo\u017een\u00ed Daniel Pompura, Medard F\u00e9der a Adam Jon\u00e1\u0161. Skon\u010dili na v\u00fdbornom 8. mieste. Na prvom \u00faseku ve\u013emi slu\u0161ne rozbehol preteky Daniel. V \u00favode s\u00edce za\u010dal mo\u017eno a\u017e moc opatrne a stratil kontakt na \u010delo pretekov, [&hellip;]<\/p>\n","protected":false},"author":1,"featured_media":457,"comment_status":"closed","ping_status":"closed","sticky":false,"template":"","format":"standard","meta":{"_mi_skip_tracking":false,"footnotes":""},"categories":[1],"tags":[3],"class_list":["post-447","post","type-post","status-publish","format-standard","has-post-thumbnail","hentry","category-nezaradene","tag-orientacny-beh"],"yoast_head":"<!-- This site is optimized with the Yoast SEO plugin v19.0 - https:\/\/yoast.com\/wordpress\/plugins\/seo\/ -->\n<title>\u0160tafeta juniorov na v\u00fdbornom 8. mieste - Power of Orienteering<\/title>\n<meta name=\"robots\" content=\"index, follow, max-snippet:-1, max-image-preview:large, max-video-preview:-1\" \/>\n<link rel=\"canonical\" href=\"https:\/\/powerofo.sk\/?p=447\" \/>\n<meta property=\"og:locale\" content=\"sk_SK\" \/>\n<meta property=\"og:type\" content=\"article\" \/>\n<meta property=\"og:title\" content=\"\u0160tafeta juniorov na v\u00fdbornom 8. mieste - Power of Orienteering\" \/>\n<meta property=\"og:description\" content=\"Juniorsk\u00fd svetov\u00fd \u0161ampion\u00e1t v tureckom Kocaeli ukon\u010dili preteky \u0161tafiet. Skvel\u00fd v\u00fdkon podali na\u0161i juniori v zlo\u017een\u00ed Daniel Pompura, Medard F\u00e9der a Adam Jon\u00e1\u0161. Skon\u010dili na v\u00fdbornom 8. mieste. Na prvom \u00faseku ve\u013emi slu\u0161ne rozbehol preteky Daniel. V \u00favode s\u00edce za\u010dal mo\u017eno a\u017e moc opatrne a stratil kontakt na \u010delo pretekov, [&hellip;]\" \/>\n<meta property=\"og:url\" content=\"https:\/\/powerofo.sk\/?p=447\" \/>\n<meta property=\"og:site_name\" content=\"Power of Orienteering\" \/>\n<meta property=\"article:published_time\" content=\"2021-09-14T14:44:56+00:00\" \/>\n<meta property=\"article:modified_time\" content=\"2021-09-14T14:55:22+00:00\" \/>\n<meta property=\"og:image\" content=\"https:\/\/powerofo.sk\/wp-content\/uploads\/2021\/09\/Medo-Adam-scaled.jpg\" \/>\n\t<meta property=\"og:image:width\" content=\"2560\" \/>\n\t<meta property=\"og:image:height\" content=\"1700\" \/>\n\t<meta property=\"og:image:type\" content=\"image\/jpeg\" \/>\n<meta name=\"twitter:card\" content=\"summary_large_image\" \/>\n<meta name=\"twitter:label1\" content=\"Autor:\" \/>\n\t<meta name=\"twitter:data1\" content=\"\u0160urgy\" \/>\n\t<meta name=\"twitter:label2\" content=\"Predpokladan\u00fd \u010das \u010d\u00edtania\" \/>\n\t<meta name=\"twitter:data2\" content=\"3 min\u00faty\" \/>\n<script type=\"application\/ld+json\" class=\"yoast-schema-graph\">{\"@context\":\"https:\/\/schema.org\",\"@graph\":[{\"@type\":\"WebSite\",\"@id\":\"https:\/\/powerofo.sk\/#website\",\"url\":\"https:\/\/powerofo.sk\/\",\"name\":\"Power of Orienteering\",\"description\":\"\",\"potentialAction\":[{\"@type\":\"SearchAction\",\"target\":{\"@type\":\"EntryPoint\",\"urlTemplate\":\"https:\/\/powerofo.sk\/?s={search_term_string}\"},\"query-input\":\"required name=search_term_string\"}],\"inLanguage\":\"sk-SK\"},{\"@type\":\"ImageObject\",\"inLanguage\":\"sk-SK\",\"@id\":\"https:\/\/powerofo.sk\/?p=447#primaryimage\",\"url\":\"https:\/\/powerofo.sk\/wp-content\/uploads\/2021\/09\/Medo-Adam-scaled.jpg\",\"contentUrl\":\"https:\/\/powerofo.sk\/wp-content\/uploads\/2021\/09\/Medo-Adam-scaled.jpg\",\"width\":2560,\"height\":1700},{\"@type\":\"WebPage\",\"@id\":\"https:\/\/powerofo.sk\/?p=447#webpage\",\"url\":\"https:\/\/powerofo.sk\/?p=447\",\"name\":\"\u0160tafeta juniorov na v\u00fdbornom 8. mieste - Power of Orienteering\",\"isPartOf\":{\"@id\":\"https:\/\/powerofo.sk\/#website\"},\"primaryImageOfPage\":{\"@id\":\"https:\/\/powerofo.sk\/?p=447#primaryimage\"},\"datePublished\":\"2021-09-14T14:44:56+00:00\",\"dateModified\":\"2021-09-14T14:55:22+00:00\",\"author\":{\"@id\":\"https:\/\/powerofo.sk\/#\/schema\/person\/5dd1412b6ff671542e1ee818586682b6\"},\"breadcrumb\":{\"@id\":\"https:\/\/powerofo.sk\/?p=447#breadcrumb\"},\"inLanguage\":\"sk-SK\",\"potentialAction\":[{\"@type\":\"ReadAction\",\"target\":[\"https:\/\/powerofo.sk\/?p=447\"]}]},{\"@type\":\"BreadcrumbList\",\"@id\":\"https:\/\/powerofo.sk\/?p=447#breadcrumb\",\"itemListElement\":[{\"@type\":\"ListItem\",\"position\":1,\"name\":\"Home\",\"item\":\"https:\/\/powerofo.sk\/\"},{\"@type\":\"ListItem\",\"position\":2,\"name\":\"\u0160tafeta juniorov na v\u00fdbornom 8. mieste\"}]},{\"@type\":\"Person\",\"@id\":\"https:\/\/powerofo.sk\/#\/schema\/person\/5dd1412b6ff671542e1ee818586682b6\",\"name\":\"\u0160urgy\",\"image\":{\"@type\":\"ImageObject\",\"inLanguage\":\"sk-SK\",\"@id\":\"https:\/\/powerofo.sk\/#\/schema\/person\/image\/\",\"url\":\"https:\/\/secure.gravatar.com\/avatar\/8c84b883153373da396e8aabcf80a279?s=96&d=mm&r=g\",\"contentUrl\":\"https:\/\/secure.gravatar.com\/avatar\/8c84b883153373da396e8aabcf80a279?s=96&d=mm&r=g\",\"caption\":\"\u0160urgy\"},\"sameAs\":[\"http:\/\/powerofo.sk\"],\"url\":\"https:\/\/powerofo.sk\/?author=1\"}]}<\/script>\n<!-- \/ Yoast SEO plugin. -->","yoast_head_json":{"title":"\u0160tafeta juniorov na v\u00fdbornom 8. mieste - Power of Orienteering","robots":{"index":"index","follow":"follow","max-snippet":"max-snippet:-1","max-image-preview":"max-image-preview:large","max-video-preview":"max-video-preview:-1"},"canonical":"https:\/\/powerofo.sk\/?p=447","og_locale":"sk_SK","og_type":"article","og_title":"\u0160tafeta juniorov na v\u00fdbornom 8. mieste - Power of Orienteering","og_description":"Juniorsk\u00fd svetov\u00fd \u0161ampion\u00e1t v tureckom Kocaeli ukon\u010dili preteky \u0161tafiet. Skvel\u00fd v\u00fdkon podali na\u0161i juniori v zlo\u017een\u00ed Daniel Pompura, Medard F\u00e9der a Adam Jon\u00e1\u0161. Skon\u010dili na v\u00fdbornom 8. mieste. Na prvom \u00faseku ve\u013emi slu\u0161ne rozbehol preteky Daniel. V \u00favode s\u00edce za\u010dal mo\u017eno a\u017e moc opatrne a stratil kontakt na \u010delo pretekov, [&hellip;]","og_url":"https:\/\/powerofo.sk\/?p=447","og_site_name":"Power of Orienteering","article_published_time":"2021-09-14T14:44:56+00:00","article_modified_time":"2021-09-14T14:55:22+00:00","og_image":[{"width":2560,"height":1700,"url":"https:\/\/powerofo.sk\/wp-content\/uploads\/2021\/09\/Medo-Adam-scaled.jpg","type":"image\/jpeg"}],"twitter_card":"summary_large_image","twitter_misc":{"Autor:":"\u0160urgy","Predpokladan\u00fd \u010das \u010d\u00edtania":"3 min\u00faty"},"schema":{"@context":"https:\/\/schema.org","@graph":[{"@type":"WebSite","@id":"https:\/\/powerofo.sk\/#website","url":"https:\/\/powerofo.sk\/","name":"Power of Orienteering","description":"","potentialAction":[{"@type":"SearchAction","target":{"@type":"EntryPoint","urlTemplate":"https:\/\/powerofo.sk\/?s={search_term_string}"},"query-input":"required name=search_term_string"}],"inLanguage":"sk-SK"},{"@type":"ImageObject","inLanguage":"sk-SK","@id":"https:\/\/powerofo.sk\/?p=447#primaryimage","url":"https:\/\/powerofo.sk\/wp-content\/uploads\/2021\/09\/Medo-Adam-scaled.jpg","contentUrl":"https:\/\/powerofo.sk\/wp-content\/uploads\/2021\/09\/Medo-Adam-scaled.jpg","width":2560,"height":1700},{"@type":"WebPage","@id":"https:\/\/powerofo.sk\/?p=447#webpage","url":"https:\/\/powerofo.sk\/?p=447","name":"\u0160tafeta juniorov na v\u00fdbornom 8. mieste - Power of Orienteering","isPartOf":{"@id":"https:\/\/powerofo.sk\/#website"},"primaryImageOfPage":{"@id":"https:\/\/powerofo.sk\/?p=447#primaryimage"},"datePublished":"2021-09-14T14:44:56+00:00","dateModified":"2021-09-14T14:55:22+00:00","author":{"@id":"https:\/\/powerofo.sk\/#\/schema\/person\/5dd1412b6ff671542e1ee818586682b6"},"breadcrumb":{"@id":"https:\/\/powerofo.sk\/?p=447#breadcrumb"},"inLanguage":"sk-SK","potentialAction":[{"@type":"ReadAction","target":["https:\/\/powerofo.sk\/?p=447"]}]},{"@type":"BreadcrumbList","@id":"https:\/\/powerofo.sk\/?p=447#breadcrumb","itemListElement":[{"@type":"ListItem","position":1,"name":"Home","item":"https:\/\/powerofo.sk\/"},{"@type":"ListItem","position":2,"name":"\u0160tafeta juniorov na v\u00fdbornom 8. mieste"}]},{"@type":"Person","@id":"https:\/\/powerofo.sk\/#\/schema\/person\/5dd1412b6ff671542e1ee818586682b6","name":"\u0160urgy","image":{"@type":"ImageObject","inLanguage":"sk-SK","@id":"https:\/\/powerofo.sk\/#\/schema\/person\/image\/","url":"https:\/\/secure.gravatar.com\/avatar\/8c84b883153373da396e8aabcf80a279?s=96&d=mm&r=g","contentUrl":"https:\/\/secure.gravatar.com\/avatar\/8c84b883153373da396e8aabcf80a279?s=96&d=mm&r=g","caption":"\u0160urgy"},"sameAs":["http:\/\/powerofo.sk"],"url":"https:\/\/powerofo.sk\/?author=1"}]}},"_links":{"self":[{"href":"https:\/\/powerofo.sk\/index.php?rest_route=\/wp\/v2\/posts\/447"}],"collection":[{"href":"https:\/\/powerofo.sk\/index.php?rest_route=\/wp\/v2\/posts"}],"about":[{"href":"https:\/\/powerofo.sk\/index.php?rest_route=\/wp\/v2\/types\/post"}],"author":[{"embeddable":true,"href":"https:\/\/powerofo.sk\/index.php?rest_route=\/wp\/v2\/users\/1"}],"replies":[{"embeddable":true,"href":"https:\/\/powerofo.sk\/index.php?rest_route=%2Fwp%2Fv2%2Fcomments&post=447"}],"version-history":[{"count":6,"href":"https:\/\/powerofo.sk\/index.php?rest_route=\/wp\/v2\/posts\/447\/revisions"}],"predecessor-version":[{"id":469,"href":"https:\/\/powerofo.sk\/index.php?rest_route=\/wp\/v2\/posts\/447\/revisions\/469"}],"wp:featuredmedia":[{"embeddable":true,"href":"https:\/\/powerofo.sk\/index.php?rest_route=\/wp\/v2\/media\/457"}],"wp:attachment":[{"href":"https:\/\/powerofo.sk\/index.php?rest_route=%2Fwp%2Fv2%2Fmedia&parent=447"}],"wp:term":[{"taxonomy":"category","embeddable":true,"href":"https:\/\/powerofo.sk\/index.php?rest_route=%2Fwp%2Fv2%2Fcategories&post=447"},{"taxonomy":"post_tag","embeddable":true,"href":"https:\/\/powerofo.sk\/index.php?rest_route=%2Fwp%2Fv2%2Ftags&post=447"}],"curies":[{"name":"wp","href":"https:\/\/api.w.org\/{rel}","templated":true}]}}