{"id":562,"date":"2023-05-14T23:49:31","date_gmt":"2023-05-14T21:49:31","guid":{"rendered":"https:\/\/powerofo.sk\/?p=562"},"modified":"2023-05-16T12:23:55","modified_gmt":"2023-05-16T10:23:55","slug":"memorial-juraja-sutora-pre-chupeka-a-semradovu","status":"publish","type":"post","link":"https:\/\/powerofo.sk\/?p=562","title":{"rendered":"Memori\u00e1l Juraja \u0160\u00fatora pre Chupeka a Semr\u00e1dov\u00fa"},"content":{"rendered":"\n<p>V kr\u00e1snom ter\u00e9ne nad Z\u00e1zrivou zorganizol v nede\u013eu 14. 5. 2023 klub Kobra Bratislava Memori\u00e1l Juraja \u0160\u00fatora, ktor\u00fd bol z\u00e1rove\u0148  \u010fal\u0161\u00edm kolom slovensk\u00e9ho rebr\u00ed\u010dka jednotlivcov v Orienta\u010dnom behu. V hlavn\u00fdch kateg\u00f3ri\u00e1ch to boli z\u00e1rove\u0148 aj prv\u00e9 nomina\u010dn\u00e9 preteky na Majstrovstv\u00e1 sveta ktor\u00e9 sa bud\u00fa kona\u0165 v polovici j\u00fala vo \u0160vaj\u010diarsku. <br><br><a href=\"http:\/\/powerofo.sk\/wp-content\/uploads\/2023\/05\/ZArtboard-1.jpg\" target=\"_blank\" rel=\"noreferrer noopener\"><img loading=\"lazy\" decoding=\"async\" width=\"800\" height=\"566\" class=\"wp-image-563\" style=\"width: 800px;\" src=\"http:\/\/powerofo.sk\/wp-content\/uploads\/2023\/05\/ZArtboard-1.jpg\" alt=\"\" srcset=\"https:\/\/powerofo.sk\/wp-content\/uploads\/2023\/05\/ZArtboard-1.jpg 1684w, https:\/\/powerofo.sk\/wp-content\/uploads\/2023\/05\/ZArtboard-1-300x212.jpg 300w, https:\/\/powerofo.sk\/wp-content\/uploads\/2023\/05\/ZArtboard-1-1024x724.jpg 1024w, https:\/\/powerofo.sk\/wp-content\/uploads\/2023\/05\/ZArtboard-1-768x543.jpg 768w, https:\/\/powerofo.sk\/wp-content\/uploads\/2023\/05\/ZArtboard-1-1536x1086.jpg 1536w\" sizes=\"(max-width: 800px) 100vw, 800px\" \/><\/a><br>V mu\u017eoch zv\u00ed\u0165azil Jakub Chupek zo Sl\u00e1vie \u017dU \u017dilina. Napriek men\u0161\u00edm zav\u00e1haniam v \u00favode trate podal v\u00fdborn\u00fd mapov\u00fd v\u00fdkon podporen\u00fd r\u00fdchlym behom a v cieli bol o 59 sek\u00fand r\u00fdchlej\u0161\u00ed ako druh\u00fd Pavol Bukovac z Farmaceutu Bratislava . Na tre\u0165om mieste skon\u010dil so stratou 1:49 pretek\u00e1r klubu Kobra Bratislava Adam Jon\u00e1\u0161. <br><br><img loading=\"lazy\" decoding=\"async\" width=\"800\" height=\"600\" class=\"wp-image-565\" style=\"width: 800px;\" src=\"http:\/\/powerofo.sk\/wp-content\/uploads\/2023\/05\/IMG_0781-scaled.jpeg\" alt=\"\" srcset=\"https:\/\/powerofo.sk\/wp-content\/uploads\/2023\/05\/IMG_0781-scaled.jpeg 2560w, https:\/\/powerofo.sk\/wp-content\/uploads\/2023\/05\/IMG_0781-300x225.jpeg 300w, https:\/\/powerofo.sk\/wp-content\/uploads\/2023\/05\/IMG_0781-1024x768.jpeg 1024w, https:\/\/powerofo.sk\/wp-content\/uploads\/2023\/05\/IMG_0781-768x576.jpeg 768w, https:\/\/powerofo.sk\/wp-content\/uploads\/2023\/05\/IMG_0781-1536x1152.jpeg 1536w, https:\/\/powerofo.sk\/wp-content\/uploads\/2023\/05\/IMG_0781-2048x1536.jpeg 2048w\" sizes=\"(max-width: 800px) 100vw, 800px\" \/><br><br>\u017deny v orienta\u010dne n\u00e1ro\u010dnom ter\u00e9ne chybovali o nie\u010do viac ako mu\u017ei, no napriek tomu boli v\u00fdsledky umiestnen\u00fdch pretek\u00e1rok na stupni v\u00ed\u0165azov ve\u013emi tesn\u00e9. V cieli sa z v\u00ed\u0165azstva nakoniec te\u0161ila Jana Semr\u00e1dov\u00e1 z K.O.B. Choce\u0148 ktor\u00e1 bola o 13 sek\u00fand r\u00fdchlej\u0161ia ako druh\u00e1 Tereza Korpasov\u00e1 z \u0160K Terezka Bansk\u00e1 Bystrica. Pre tretie miesto si v\u010faka ve\u013emi dobr\u00e9mu mapov\u00e9mu v\u00fdkonu dobehla s 34 sekundovou stratou na v\u00ed\u0165azku Jana Macinsk\u00e1 z ATU Ko\u0161ice. <br><br><a href=\"http:\/\/powerofo.sk\/wp-content\/uploads\/2023\/05\/WArtboard-1.jpg\" target=\"_blank\" rel=\"noreferrer noopener\"><img loading=\"lazy\" decoding=\"async\" width=\"800\" height=\"566\" class=\"wp-image-567\" style=\"width: 800px;\" src=\"http:\/\/powerofo.sk\/wp-content\/uploads\/2023\/05\/WArtboard-1.jpg\" alt=\"\" srcset=\"https:\/\/powerofo.sk\/wp-content\/uploads\/2023\/05\/WArtboard-1.jpg 1684w, https:\/\/powerofo.sk\/wp-content\/uploads\/2023\/05\/WArtboard-1-300x212.jpg 300w, https:\/\/powerofo.sk\/wp-content\/uploads\/2023\/05\/WArtboard-1-1024x724.jpg 1024w, https:\/\/powerofo.sk\/wp-content\/uploads\/2023\/05\/WArtboard-1-768x543.jpg 768w, https:\/\/powerofo.sk\/wp-content\/uploads\/2023\/05\/WArtboard-1-1536x1086.jpg 1536w\" sizes=\"(max-width: 800px) 100vw, 800px\" \/><\/a><br>Kompletn\u00e9 v\u00fdsledky a ostatn\u00e9 inform\u00e1cie k t\u00fdmto pretekom n\u00e1jdete na <strong><a href=\"https:\/\/is.orienteering.sk\/competitions\/1780\" target=\"_blank\" rel=\"noreferrer noopener\">str\u00e1nke pretekov<\/a><\/strong> v informa\u010dnom syst\u00e9me SZO\u0160.<\/p>\n","protected":false},"excerpt":{"rendered":"<p>V kr\u00e1snom ter\u00e9ne nad Z\u00e1zrivou zorganizol v nede\u013eu 14. 5. 2023 klub Kobra Bratislava Memori\u00e1l Juraja \u0160\u00fatora, ktor\u00fd bol z\u00e1rove\u0148 \u010fal\u0161\u00edm kolom slovensk\u00e9ho rebr\u00ed\u010dka jednotlivcov v Orienta\u010dnom behu. V hlavn\u00fdch kateg\u00f3ri\u00e1ch to boli z\u00e1rove\u0148 aj prv\u00e9 nomina\u010dn\u00e9 preteky na Majstrovstv\u00e1 sveta ktor\u00e9 sa bud\u00fa kona\u0165 v polovici j\u00fala vo \u0160vaj\u010diarsku. [&hellip;]<\/p>\n","protected":false},"author":1,"featured_media":574,"comment_status":"closed","ping_status":"closed","sticky":false,"template":"","format":"standard","meta":{"_mi_skip_tracking":false,"footnotes":""},"categories":[1],"tags":[],"class_list":["post-562","post","type-post","status-publish","format-standard","has-post-thumbnail","hentry","category-nezaradene"],"yoast_head":"<!-- This site is optimized with the Yoast SEO plugin v19.0 - https:\/\/yoast.com\/wordpress\/plugins\/seo\/ -->\n<title>Memori\u00e1l Juraja \u0160\u00fatora pre Chupeka a Semr\u00e1dov\u00fa - Power of Orienteering<\/title>\n<meta name=\"robots\" content=\"index, follow, max-snippet:-1, max-image-preview:large, max-video-preview:-1\" \/>\n<link rel=\"canonical\" href=\"https:\/\/powerofo.sk\/?p=562\" \/>\n<meta property=\"og:locale\" content=\"sk_SK\" \/>\n<meta property=\"og:type\" content=\"article\" \/>\n<meta property=\"og:title\" content=\"Memori\u00e1l Juraja \u0160\u00fatora pre Chupeka a Semr\u00e1dov\u00fa - Power of Orienteering\" \/>\n<meta property=\"og:description\" content=\"V kr\u00e1snom ter\u00e9ne nad Z\u00e1zrivou zorganizol v nede\u013eu 14. 5. 2023 klub Kobra Bratislava Memori\u00e1l Juraja \u0160\u00fatora, ktor\u00fd bol z\u00e1rove\u0148 \u010fal\u0161\u00edm kolom slovensk\u00e9ho rebr\u00ed\u010dka jednotlivcov v Orienta\u010dnom behu. V hlavn\u00fdch kateg\u00f3ri\u00e1ch to boli z\u00e1rove\u0148 aj prv\u00e9 nomina\u010dn\u00e9 preteky na Majstrovstv\u00e1 sveta ktor\u00e9 sa bud\u00fa kona\u0165 v polovici j\u00fala vo \u0160vaj\u010diarsku. [&hellip;]\" \/>\n<meta property=\"og:url\" content=\"https:\/\/powerofo.sk\/?p=562\" \/>\n<meta property=\"og:site_name\" content=\"Power of Orienteering\" \/>\n<meta property=\"article:published_time\" content=\"2023-05-14T21:49:31+00:00\" \/>\n<meta property=\"article:modified_time\" content=\"2023-05-16T10:23:55+00:00\" \/>\n<meta property=\"og:image\" content=\"http:\/\/powerofo.sk\/wp-content\/uploads\/2023\/05\/IMG_0793.jpeg\" \/>\n\t<meta property=\"og:image:width\" content=\"755\" \/>\n\t<meta property=\"og:image:height\" content=\"1135\" \/>\n\t<meta property=\"og:image:type\" content=\"image\/jpeg\" \/>\n<meta name=\"twitter:card\" content=\"summary_large_image\" \/>\n<meta name=\"twitter:label1\" content=\"Autor:\" \/>\n\t<meta name=\"twitter:data1\" content=\"\u0160urgy\" \/>\n\t<meta name=\"twitter:label2\" content=\"Predpokladan\u00fd \u010das \u010d\u00edtania\" \/>\n\t<meta name=\"twitter:data2\" content=\"2 min\u00faty\" \/>\n<script type=\"application\/ld+json\" class=\"yoast-schema-graph\">{\"@context\":\"https:\/\/schema.org\",\"@graph\":[{\"@type\":\"WebSite\",\"@id\":\"https:\/\/powerofo.sk\/#website\",\"url\":\"https:\/\/powerofo.sk\/\",\"name\":\"Power of Orienteering\",\"description\":\"\",\"potentialAction\":[{\"@type\":\"SearchAction\",\"target\":{\"@type\":\"EntryPoint\",\"urlTemplate\":\"https:\/\/powerofo.sk\/?s={search_term_string}\"},\"query-input\":\"required name=search_term_string\"}],\"inLanguage\":\"sk-SK\"},{\"@type\":\"ImageObject\",\"inLanguage\":\"sk-SK\",\"@id\":\"https:\/\/powerofo.sk\/?p=562#primaryimage\",\"url\":\"https:\/\/powerofo.sk\/wp-content\/uploads\/2023\/05\/IMG_0793-e1684233756590.jpeg\",\"contentUrl\":\"https:\/\/powerofo.sk\/wp-content\/uploads\/2023\/05\/IMG_0793-e1684233756590.jpeg\",\"width\":754,\"height\":774},{\"@type\":\"WebPage\",\"@id\":\"https:\/\/powerofo.sk\/?p=562#webpage\",\"url\":\"https:\/\/powerofo.sk\/?p=562\",\"name\":\"Memori\u00e1l Juraja \u0160\u00fatora pre Chupeka a Semr\u00e1dov\u00fa - Power of Orienteering\",\"isPartOf\":{\"@id\":\"https:\/\/powerofo.sk\/#website\"},\"primaryImageOfPage\":{\"@id\":\"https:\/\/powerofo.sk\/?p=562#primaryimage\"},\"datePublished\":\"2023-05-14T21:49:31+00:00\",\"dateModified\":\"2023-05-16T10:23:55+00:00\",\"author\":{\"@id\":\"https:\/\/powerofo.sk\/#\/schema\/person\/5dd1412b6ff671542e1ee818586682b6\"},\"breadcrumb\":{\"@id\":\"https:\/\/powerofo.sk\/?p=562#breadcrumb\"},\"inLanguage\":\"sk-SK\",\"potentialAction\":[{\"@type\":\"ReadAction\",\"target\":[\"https:\/\/powerofo.sk\/?p=562\"]}]},{\"@type\":\"BreadcrumbList\",\"@id\":\"https:\/\/powerofo.sk\/?p=562#breadcrumb\",\"itemListElement\":[{\"@type\":\"ListItem\",\"position\":1,\"name\":\"Home\",\"item\":\"https:\/\/powerofo.sk\/\"},{\"@type\":\"ListItem\",\"position\":2,\"name\":\"Memori\u00e1l Juraja \u0160\u00fatora pre Chupeka a Semr\u00e1dov\u00fa\"}]},{\"@type\":\"Person\",\"@id\":\"https:\/\/powerofo.sk\/#\/schema\/person\/5dd1412b6ff671542e1ee818586682b6\",\"name\":\"\u0160urgy\",\"image\":{\"@type\":\"ImageObject\",\"inLanguage\":\"sk-SK\",\"@id\":\"https:\/\/powerofo.sk\/#\/schema\/person\/image\/\",\"url\":\"https:\/\/secure.gravatar.com\/avatar\/8c84b883153373da396e8aabcf80a279?s=96&d=mm&r=g\",\"contentUrl\":\"https:\/\/secure.gravatar.com\/avatar\/8c84b883153373da396e8aabcf80a279?s=96&d=mm&r=g\",\"caption\":\"\u0160urgy\"},\"sameAs\":[\"http:\/\/powerofo.sk\"],\"url\":\"https:\/\/powerofo.sk\/?author=1\"}]}<\/script>\n<!-- \/ Yoast SEO plugin. -->","yoast_head_json":{"title":"Memori\u00e1l Juraja \u0160\u00fatora pre Chupeka a Semr\u00e1dov\u00fa - Power of Orienteering","robots":{"index":"index","follow":"follow","max-snippet":"max-snippet:-1","max-image-preview":"max-image-preview:large","max-video-preview":"max-video-preview:-1"},"canonical":"https:\/\/powerofo.sk\/?p=562","og_locale":"sk_SK","og_type":"article","og_title":"Memori\u00e1l Juraja \u0160\u00fatora pre Chupeka a Semr\u00e1dov\u00fa - Power of Orienteering","og_description":"V kr\u00e1snom ter\u00e9ne nad Z\u00e1zrivou zorganizol v nede\u013eu 14. 5. 2023 klub Kobra Bratislava Memori\u00e1l Juraja \u0160\u00fatora, ktor\u00fd bol z\u00e1rove\u0148 \u010fal\u0161\u00edm kolom slovensk\u00e9ho rebr\u00ed\u010dka jednotlivcov v Orienta\u010dnom behu. V hlavn\u00fdch kateg\u00f3ri\u00e1ch to boli z\u00e1rove\u0148 aj prv\u00e9 nomina\u010dn\u00e9 preteky na Majstrovstv\u00e1 sveta ktor\u00e9 sa bud\u00fa kona\u0165 v polovici j\u00fala vo \u0160vaj\u010diarsku. [&hellip;]","og_url":"https:\/\/powerofo.sk\/?p=562","og_site_name":"Power of Orienteering","article_published_time":"2023-05-14T21:49:31+00:00","article_modified_time":"2023-05-16T10:23:55+00:00","og_image":[{"width":755,"height":1135,"url":"http:\/\/powerofo.sk\/wp-content\/uploads\/2023\/05\/IMG_0793.jpeg","type":"image\/jpeg"}],"twitter_card":"summary_large_image","twitter_misc":{"Autor:":"\u0160urgy","Predpokladan\u00fd \u010das \u010d\u00edtania":"2 min\u00faty"},"schema":{"@context":"https:\/\/schema.org","@graph":[{"@type":"WebSite","@id":"https:\/\/powerofo.sk\/#website","url":"https:\/\/powerofo.sk\/","name":"Power of Orienteering","description":"","potentialAction":[{"@type":"SearchAction","target":{"@type":"EntryPoint","urlTemplate":"https:\/\/powerofo.sk\/?s={search_term_string}"},"query-input":"required name=search_term_string"}],"inLanguage":"sk-SK"},{"@type":"ImageObject","inLanguage":"sk-SK","@id":"https:\/\/powerofo.sk\/?p=562#primaryimage","url":"https:\/\/powerofo.sk\/wp-content\/uploads\/2023\/05\/IMG_0793-e1684233756590.jpeg","contentUrl":"https:\/\/powerofo.sk\/wp-content\/uploads\/2023\/05\/IMG_0793-e1684233756590.jpeg","width":754,"height":774},{"@type":"WebPage","@id":"https:\/\/powerofo.sk\/?p=562#webpage","url":"https:\/\/powerofo.sk\/?p=562","name":"Memori\u00e1l Juraja \u0160\u00fatora pre Chupeka a Semr\u00e1dov\u00fa - Power of Orienteering","isPartOf":{"@id":"https:\/\/powerofo.sk\/#website"},"primaryImageOfPage":{"@id":"https:\/\/powerofo.sk\/?p=562#primaryimage"},"datePublished":"2023-05-14T21:49:31+00:00","dateModified":"2023-05-16T10:23:55+00:00","author":{"@id":"https:\/\/powerofo.sk\/#\/schema\/person\/5dd1412b6ff671542e1ee818586682b6"},"breadcrumb":{"@id":"https:\/\/powerofo.sk\/?p=562#breadcrumb"},"inLanguage":"sk-SK","potentialAction":[{"@type":"ReadAction","target":["https:\/\/powerofo.sk\/?p=562"]}]},{"@type":"BreadcrumbList","@id":"https:\/\/powerofo.sk\/?p=562#breadcrumb","itemListElement":[{"@type":"ListItem","position":1,"name":"Home","item":"https:\/\/powerofo.sk\/"},{"@type":"ListItem","position":2,"name":"Memori\u00e1l Juraja \u0160\u00fatora pre Chupeka a Semr\u00e1dov\u00fa"}]},{"@type":"Person","@id":"https:\/\/powerofo.sk\/#\/schema\/person\/5dd1412b6ff671542e1ee818586682b6","name":"\u0160urgy","image":{"@type":"ImageObject","inLanguage":"sk-SK","@id":"https:\/\/powerofo.sk\/#\/schema\/person\/image\/","url":"https:\/\/secure.gravatar.com\/avatar\/8c84b883153373da396e8aabcf80a279?s=96&d=mm&r=g","contentUrl":"https:\/\/secure.gravatar.com\/avatar\/8c84b883153373da396e8aabcf80a279?s=96&d=mm&r=g","caption":"\u0160urgy"},"sameAs":["http:\/\/powerofo.sk"],"url":"https:\/\/powerofo.sk\/?author=1"}]}},"_links":{"self":[{"href":"https:\/\/powerofo.sk\/index.php?rest_route=\/wp\/v2\/posts\/562"}],"collection":[{"href":"https:\/\/powerofo.sk\/index.php?rest_route=\/wp\/v2\/posts"}],"about":[{"href":"https:\/\/powerofo.sk\/index.php?rest_route=\/wp\/v2\/types\/post"}],"author":[{"embeddable":true,"href":"https:\/\/powerofo.sk\/index.php?rest_route=\/wp\/v2\/users\/1"}],"replies":[{"embeddable":true,"href":"https:\/\/powerofo.sk\/index.php?rest_route=%2Fwp%2Fv2%2Fcomments&post=562"}],"version-history":[{"count":4,"href":"https:\/\/powerofo.sk\/index.php?rest_route=\/wp\/v2\/posts\/562\/revisions"}],"predecessor-version":[{"id":573,"href":"https:\/\/powerofo.sk\/index.php?rest_route=\/wp\/v2\/posts\/562\/revisions\/573"}],"wp:featuredmedia":[{"embeddable":true,"href":"https:\/\/powerofo.sk\/index.php?rest_route=\/wp\/v2\/media\/574"}],"wp:attachment":[{"href":"https:\/\/powerofo.sk\/index.php?rest_route=%2Fwp%2Fv2%2Fmedia&parent=562"}],"wp:term":[{"taxonomy":"category","embeddable":true,"href":"https:\/\/powerofo.sk\/index.php?rest_route=%2Fwp%2Fv2%2Fcategories&post=562"},{"taxonomy":"post_tag","embeddable":true,"href":"https:\/\/powerofo.sk\/index.php?rest_route=%2Fwp%2Fv2%2Ftags&post=562"}],"curies":[{"name":"wp","href":"https:\/\/api.w.org\/{rel}","templated":true}]}}