{"id":576,"date":"2023-06-21T16:32:01","date_gmt":"2023-06-21T14:32:01","guid":{"rendered":"https:\/\/powerofo.sk\/?p=576"},"modified":"2023-06-21T17:11:35","modified_gmt":"2023-06-21T15:11:35","slug":"eyoc-2023-vyber-dorastu-uz-odcestoval-do-bulharska","status":"publish","type":"post","link":"https:\/\/powerofo.sk\/?p=576","title":{"rendered":"EYOC 2023 &#8211; V\u00fdber dorastu u\u017e odcestoval do Bulharska"},"content":{"rendered":"\n<p>Slovensk\u00fd dorasteneck\u00fd t\u00edm pod veden\u00edm D\u00e1vida Franka a Igora Patr\u00e1\u0161a v\u010dera odcestoval na Majstrovstv\u00e1 Eur\u00f3py dorastu v Orienta\u010dnom behu ktor\u00e9 sa od piatku 23. 6. 2023 do nedele 25. 6. 2023 bud\u00fa kona\u0165 v Bulharsku. V\u00fdprava sa pres\u00fava autami po\u010das dvoch dn\u00ed s prespan\u00edm v srbskom Belehrade. Do dejiska \u0161ampion\u00e1tu vo Velingrade by mala dorazi\u0165 dnes. <br><br>Vo \u0161tvrtok \u00fa\u010dastn\u00edci absolvuj\u00fa modelov\u00e9 tr\u00e9ningy pre \u0161print i lesn\u00e9 discipl\u00edny. Ofici\u00e1lny program za\u010dne v piatok pretekmi v \u0161printe. V sobotu sa pobe\u017e\u00ed dlh\u00e1 tra\u0165 a v nede\u013eu \u0161tafety. <br><br><img loading=\"lazy\" decoding=\"async\" width=\"850\" height=\"464\" class=\"wp-image-594\" style=\"width: 850px;\" src=\"http:\/\/powerofo.sk\/wp-content\/uploads\/2023\/06\/EYOC2023.jpg\" alt=\"\" srcset=\"https:\/\/powerofo.sk\/wp-content\/uploads\/2023\/06\/EYOC2023.jpg 792w, https:\/\/powerofo.sk\/wp-content\/uploads\/2023\/06\/EYOC2023-300x164.jpg 300w, https:\/\/powerofo.sk\/wp-content\/uploads\/2023\/06\/EYOC2023-768x419.jpg 768w\" sizes=\"(max-width: 850px) 100vw, 850px\" \/><br><br>Reprezentova\u0165 n\u00e1s bude 10 pretek\u00e1rov. V kateg\u00f3rii M-18 to bud\u00fa Filip Bukov\u00e1c, Filip Jan\u010d\u00edk, Adam Trep\u00e1\u010d a Tom\u00e1\u0161 Kasza. Vo W-18 Rebecca Herna, Tereza Kendrov\u00e1, Ema Micha\u010dov\u00e1 a v M-16 Matej Balogh, Michal Doln\u00fd a Daniel \u0160mel\u00edk. V kateg\u00f3rii W-16 bola nominovan\u00e1 jedin\u00e1 pretek\u00e1rka Nina Jur\u010d\u00edkov\u00e1, ktor\u00e1 ale nakoniec kv\u00f4li zraneniu neodcestovala. <br><br>S\u00faperi\u0165 medzi sebou bud\u00fa pretek\u00e1ri z 30 eur\u00f3pskych kraj\u00edn, mimo s\u00fa\u0165a\u017e sa z\u00fa\u010dastnia aj t\u00edmy Austr\u00e1lie a Nov\u00e9ho Z\u00e9landu. V ka\u017edej zo \u0161tyroch kateg\u00f3ri\u00ed bude \u0161tartova\u0165 pribli\u017ene 100 pretek\u00e1rov.<br><br>Pod\u013ea ved\u00faceho v\u00fdberu dorastu D\u00e1vida Franka zimn\u00e1 a jarn\u00e1 pr\u00edprava neprebehla \u00faplne pod\u013ea predst\u00e1v. Z v\u00e4\u010d\u0161ej \u010dasti bola individu\u00e1lna ke\u010f\u017ee pretek\u00e1ri ru\u0161ili \u00fa\u010das\u0165 na s\u00fastredeniach pre zranenia a klubov\u00e9 povinnosti v zahrani\u010d\u00ed. <br><br>Na\u0161i najlep\u0161\u00ed pretek\u00e1ri by pri dobr\u00fdch v\u00fdkonoch mohli ur\u010dite dosiahnu\u0165 na umiestnenia v prvej dvadsiatke. V pr\u00edpade ide\u00e1lnych mapov\u00fdch v\u00fdkonov m\u00f4\u017eeme d\u00fafa\u0165 aj vo v\u00fdraznej\u0161ie v\u00fdsledky. V \u0161tafet\u00e1ch by sa mohli presadi\u0165 najm\u00e4 chalani v M-18. Vzh\u013eadom na  n\u00e1ro\u010dn\u00fd charakter ter\u00e9nu bude ale lep\u0161ie neprem\u00fd\u0161\u013ea\u0165 o v\u00fdsledkoch a s\u00fastredi\u0165 sa na \u010do najlep\u0161ie zvl\u00e1dnutie pretekov po mapovej str\u00e1nke a udr\u017ea\u0165 bojovnos\u0165 v n\u00e1ro\u010dnom kopcovitom ter\u00e9ne s meniacou sa veget\u00e1ciou. <br><br>Podrobnej\u0161ie inform\u00e1cie n\u00e1jdete na <a href=\"https:\/\/eyoc2023.eu\/\" target=\"_blank\" rel=\"noreferrer noopener\"><strong>str\u00e1nkach podujatia<\/strong><\/a>. <br><br><br>  <\/p>\n\n\n\n<p> <\/p>\n","protected":false},"excerpt":{"rendered":"<p>Slovensk\u00fd dorasteneck\u00fd t\u00edm pod veden\u00edm D\u00e1vida Franka a Igora Patr\u00e1\u0161a v\u010dera odcestoval na Majstrovstv\u00e1 Eur\u00f3py dorastu v Orienta\u010dnom behu ktor\u00e9 sa od piatku 23. 6. 2023 do nedele 25. 6. 2023 bud\u00fa kona\u0165 v Bulharsku. V\u00fdprava sa pres\u00fava autami po\u010das dvoch dn\u00ed s prespan\u00edm v srbskom Belehrade. Do dejiska \u0161ampion\u00e1tu [&hellip;]<\/p>\n","protected":false},"author":1,"featured_media":592,"comment_status":"closed","ping_status":"closed","sticky":false,"template":"","format":"standard","meta":{"_mi_skip_tracking":false,"footnotes":""},"categories":[1],"tags":[],"class_list":["post-576","post","type-post","status-publish","format-standard","has-post-thumbnail","hentry","category-nezaradene"],"yoast_head":"<!-- This site is optimized with the Yoast SEO plugin v19.0 - https:\/\/yoast.com\/wordpress\/plugins\/seo\/ -->\n<title>EYOC 2023 - V\u00fdber dorastu u\u017e odcestoval do Bulharska - Power of Orienteering<\/title>\n<meta name=\"robots\" content=\"index, follow, max-snippet:-1, max-image-preview:large, max-video-preview:-1\" \/>\n<link rel=\"canonical\" href=\"https:\/\/powerofo.sk\/?p=576\" \/>\n<meta property=\"og:locale\" content=\"sk_SK\" \/>\n<meta property=\"og:type\" content=\"article\" \/>\n<meta property=\"og:title\" content=\"EYOC 2023 - V\u00fdber dorastu u\u017e odcestoval do Bulharska - Power of Orienteering\" \/>\n<meta property=\"og:description\" content=\"Slovensk\u00fd dorasteneck\u00fd t\u00edm pod veden\u00edm D\u00e1vida Franka a Igora Patr\u00e1\u0161a v\u010dera odcestoval na Majstrovstv\u00e1 Eur\u00f3py dorastu v Orienta\u010dnom behu ktor\u00e9 sa od piatku 23. 6. 2023 do nedele 25. 6. 2023 bud\u00fa kona\u0165 v Bulharsku. V\u00fdprava sa pres\u00fava autami po\u010das dvoch dn\u00ed s prespan\u00edm v srbskom Belehrade. Do dejiska \u0161ampion\u00e1tu [&hellip;]\" \/>\n<meta property=\"og:url\" content=\"https:\/\/powerofo.sk\/?p=576\" \/>\n<meta property=\"og:site_name\" content=\"Power of Orienteering\" \/>\n<meta property=\"article:published_time\" content=\"2023-06-21T14:32:01+00:00\" \/>\n<meta property=\"article:modified_time\" content=\"2023-06-21T15:11:35+00:00\" \/>\n<meta property=\"og:image\" content=\"http:\/\/powerofo.sk\/wp-content\/uploads\/2023\/06\/ilustracny.jpg\" \/>\n\t<meta property=\"og:image:width\" content=\"1567\" \/>\n\t<meta property=\"og:image:height\" content=\"790\" \/>\n\t<meta property=\"og:image:type\" content=\"image\/jpeg\" \/>\n<meta name=\"twitter:card\" content=\"summary_large_image\" \/>\n<meta name=\"twitter:label1\" content=\"Autor:\" \/>\n\t<meta name=\"twitter:data1\" content=\"\u0160urgy\" \/>\n\t<meta name=\"twitter:label2\" content=\"Predpokladan\u00fd \u010das \u010d\u00edtania\" \/>\n\t<meta name=\"twitter:data2\" content=\"2 min\u00faty\" \/>\n<script type=\"application\/ld+json\" class=\"yoast-schema-graph\">{\"@context\":\"https:\/\/schema.org\",\"@graph\":[{\"@type\":\"WebSite\",\"@id\":\"https:\/\/powerofo.sk\/#website\",\"url\":\"https:\/\/powerofo.sk\/\",\"name\":\"Power of Orienteering\",\"description\":\"\",\"potentialAction\":[{\"@type\":\"SearchAction\",\"target\":{\"@type\":\"EntryPoint\",\"urlTemplate\":\"https:\/\/powerofo.sk\/?s={search_term_string}\"},\"query-input\":\"required name=search_term_string\"}],\"inLanguage\":\"sk-SK\"},{\"@type\":\"ImageObject\",\"inLanguage\":\"sk-SK\",\"@id\":\"https:\/\/powerofo.sk\/?p=576#primaryimage\",\"url\":\"https:\/\/powerofo.sk\/wp-content\/uploads\/2023\/06\/ilustracny.jpg\",\"contentUrl\":\"https:\/\/powerofo.sk\/wp-content\/uploads\/2023\/06\/ilustracny.jpg\",\"width\":1567,\"height\":790},{\"@type\":\"WebPage\",\"@id\":\"https:\/\/powerofo.sk\/?p=576#webpage\",\"url\":\"https:\/\/powerofo.sk\/?p=576\",\"name\":\"EYOC 2023 - V\u00fdber dorastu u\u017e odcestoval do Bulharska - Power of Orienteering\",\"isPartOf\":{\"@id\":\"https:\/\/powerofo.sk\/#website\"},\"primaryImageOfPage\":{\"@id\":\"https:\/\/powerofo.sk\/?p=576#primaryimage\"},\"datePublished\":\"2023-06-21T14:32:01+00:00\",\"dateModified\":\"2023-06-21T15:11:35+00:00\",\"author\":{\"@id\":\"https:\/\/powerofo.sk\/#\/schema\/person\/5dd1412b6ff671542e1ee818586682b6\"},\"breadcrumb\":{\"@id\":\"https:\/\/powerofo.sk\/?p=576#breadcrumb\"},\"inLanguage\":\"sk-SK\",\"potentialAction\":[{\"@type\":\"ReadAction\",\"target\":[\"https:\/\/powerofo.sk\/?p=576\"]}]},{\"@type\":\"BreadcrumbList\",\"@id\":\"https:\/\/powerofo.sk\/?p=576#breadcrumb\",\"itemListElement\":[{\"@type\":\"ListItem\",\"position\":1,\"name\":\"Home\",\"item\":\"https:\/\/powerofo.sk\/\"},{\"@type\":\"ListItem\",\"position\":2,\"name\":\"EYOC 2023 &#8211; V\u00fdber dorastu u\u017e odcestoval do Bulharska\"}]},{\"@type\":\"Person\",\"@id\":\"https:\/\/powerofo.sk\/#\/schema\/person\/5dd1412b6ff671542e1ee818586682b6\",\"name\":\"\u0160urgy\",\"image\":{\"@type\":\"ImageObject\",\"inLanguage\":\"sk-SK\",\"@id\":\"https:\/\/powerofo.sk\/#\/schema\/person\/image\/\",\"url\":\"https:\/\/secure.gravatar.com\/avatar\/8c84b883153373da396e8aabcf80a279?s=96&d=mm&r=g\",\"contentUrl\":\"https:\/\/secure.gravatar.com\/avatar\/8c84b883153373da396e8aabcf80a279?s=96&d=mm&r=g\",\"caption\":\"\u0160urgy\"},\"sameAs\":[\"http:\/\/powerofo.sk\"],\"url\":\"https:\/\/powerofo.sk\/?author=1\"}]}<\/script>\n<!-- \/ Yoast SEO plugin. -->","yoast_head_json":{"title":"EYOC 2023 - V\u00fdber dorastu u\u017e odcestoval do Bulharska - Power of Orienteering","robots":{"index":"index","follow":"follow","max-snippet":"max-snippet:-1","max-image-preview":"max-image-preview:large","max-video-preview":"max-video-preview:-1"},"canonical":"https:\/\/powerofo.sk\/?p=576","og_locale":"sk_SK","og_type":"article","og_title":"EYOC 2023 - V\u00fdber dorastu u\u017e odcestoval do Bulharska - Power of Orienteering","og_description":"Slovensk\u00fd dorasteneck\u00fd t\u00edm pod veden\u00edm D\u00e1vida Franka a Igora Patr\u00e1\u0161a v\u010dera odcestoval na Majstrovstv\u00e1 Eur\u00f3py dorastu v Orienta\u010dnom behu ktor\u00e9 sa od piatku 23. 6. 2023 do nedele 25. 6. 2023 bud\u00fa kona\u0165 v Bulharsku. V\u00fdprava sa pres\u00fava autami po\u010das dvoch dn\u00ed s prespan\u00edm v srbskom Belehrade. Do dejiska \u0161ampion\u00e1tu [&hellip;]","og_url":"https:\/\/powerofo.sk\/?p=576","og_site_name":"Power of Orienteering","article_published_time":"2023-06-21T14:32:01+00:00","article_modified_time":"2023-06-21T15:11:35+00:00","og_image":[{"width":1567,"height":790,"url":"http:\/\/powerofo.sk\/wp-content\/uploads\/2023\/06\/ilustracny.jpg","type":"image\/jpeg"}],"twitter_card":"summary_large_image","twitter_misc":{"Autor:":"\u0160urgy","Predpokladan\u00fd \u010das \u010d\u00edtania":"2 min\u00faty"},"schema":{"@context":"https:\/\/schema.org","@graph":[{"@type":"WebSite","@id":"https:\/\/powerofo.sk\/#website","url":"https:\/\/powerofo.sk\/","name":"Power of Orienteering","description":"","potentialAction":[{"@type":"SearchAction","target":{"@type":"EntryPoint","urlTemplate":"https:\/\/powerofo.sk\/?s={search_term_string}"},"query-input":"required name=search_term_string"}],"inLanguage":"sk-SK"},{"@type":"ImageObject","inLanguage":"sk-SK","@id":"https:\/\/powerofo.sk\/?p=576#primaryimage","url":"https:\/\/powerofo.sk\/wp-content\/uploads\/2023\/06\/ilustracny.jpg","contentUrl":"https:\/\/powerofo.sk\/wp-content\/uploads\/2023\/06\/ilustracny.jpg","width":1567,"height":790},{"@type":"WebPage","@id":"https:\/\/powerofo.sk\/?p=576#webpage","url":"https:\/\/powerofo.sk\/?p=576","name":"EYOC 2023 - V\u00fdber dorastu u\u017e odcestoval do Bulharska - Power of Orienteering","isPartOf":{"@id":"https:\/\/powerofo.sk\/#website"},"primaryImageOfPage":{"@id":"https:\/\/powerofo.sk\/?p=576#primaryimage"},"datePublished":"2023-06-21T14:32:01+00:00","dateModified":"2023-06-21T15:11:35+00:00","author":{"@id":"https:\/\/powerofo.sk\/#\/schema\/person\/5dd1412b6ff671542e1ee818586682b6"},"breadcrumb":{"@id":"https:\/\/powerofo.sk\/?p=576#breadcrumb"},"inLanguage":"sk-SK","potentialAction":[{"@type":"ReadAction","target":["https:\/\/powerofo.sk\/?p=576"]}]},{"@type":"BreadcrumbList","@id":"https:\/\/powerofo.sk\/?p=576#breadcrumb","itemListElement":[{"@type":"ListItem","position":1,"name":"Home","item":"https:\/\/powerofo.sk\/"},{"@type":"ListItem","position":2,"name":"EYOC 2023 &#8211; V\u00fdber dorastu u\u017e odcestoval do Bulharska"}]},{"@type":"Person","@id":"https:\/\/powerofo.sk\/#\/schema\/person\/5dd1412b6ff671542e1ee818586682b6","name":"\u0160urgy","image":{"@type":"ImageObject","inLanguage":"sk-SK","@id":"https:\/\/powerofo.sk\/#\/schema\/person\/image\/","url":"https:\/\/secure.gravatar.com\/avatar\/8c84b883153373da396e8aabcf80a279?s=96&d=mm&r=g","contentUrl":"https:\/\/secure.gravatar.com\/avatar\/8c84b883153373da396e8aabcf80a279?s=96&d=mm&r=g","caption":"\u0160urgy"},"sameAs":["http:\/\/powerofo.sk"],"url":"https:\/\/powerofo.sk\/?author=1"}]}},"_links":{"self":[{"href":"https:\/\/powerofo.sk\/index.php?rest_route=\/wp\/v2\/posts\/576"}],"collection":[{"href":"https:\/\/powerofo.sk\/index.php?rest_route=\/wp\/v2\/posts"}],"about":[{"href":"https:\/\/powerofo.sk\/index.php?rest_route=\/wp\/v2\/types\/post"}],"author":[{"embeddable":true,"href":"https:\/\/powerofo.sk\/index.php?rest_route=\/wp\/v2\/users\/1"}],"replies":[{"embeddable":true,"href":"https:\/\/powerofo.sk\/index.php?rest_route=%2Fwp%2Fv2%2Fcomments&post=576"}],"version-history":[{"count":6,"href":"https:\/\/powerofo.sk\/index.php?rest_route=\/wp\/v2\/posts\/576\/revisions"}],"predecessor-version":[{"id":595,"href":"https:\/\/powerofo.sk\/index.php?rest_route=\/wp\/v2\/posts\/576\/revisions\/595"}],"wp:featuredmedia":[{"embeddable":true,"href":"https:\/\/powerofo.sk\/index.php?rest_route=\/wp\/v2\/media\/592"}],"wp:attachment":[{"href":"https:\/\/powerofo.sk\/index.php?rest_route=%2Fwp%2Fv2%2Fmedia&parent=576"}],"wp:term":[{"taxonomy":"category","embeddable":true,"href":"https:\/\/powerofo.sk\/index.php?rest_route=%2Fwp%2Fv2%2Fcategories&post=576"},{"taxonomy":"post_tag","embeddable":true,"href":"https:\/\/powerofo.sk\/index.php?rest_route=%2Fwp%2Fv2%2Ftags&post=576"}],"curies":[{"name":"wp","href":"https:\/\/api.w.org\/{rel}","templated":true}]}}